{"id":535,"date":"2018-11-16T08:51:11","date_gmt":"2018-11-16T07:51:11","guid":{"rendered":"http:\/\/5.45.101.177\/haut-allier\/usagers-transportse\/index.php\/2018\/11\/16\/feuilles-mortes-cet-ennemi535\/"},"modified":"2026-09-01T15:54:52","modified_gmt":"2026-09-01T13:54:52","slug":"feuilles-mortes-cet-ennemi535","status":"publish","type":"post","link":"https:\/\/usagers-transports.haut-allier.eu\/index.php\/2018\/11\/16\/feuilles-mortes-cet-ennemi535\/","title":{"rendered":"Feuilles mortes : cet ennemi impr\u00e9visible et automnal qui surprend la SNCF"},"content":{"rendered":"Que ne voit-on pas fleurir dans les m\u00e9dias ces jours-ci, nous sommes en plein automne, des articles sur les feuilles mortes qui emp\u00eachent la circulation des trains. Peuch\u00e8re !\n&nbsp;\nC&rsquo;est un ph\u00e9nom\u00e8ne nouveau depuis quelques ann\u00e9es, dont on nous rabat les oreilles, qui masque l&rsquo;incomp\u00e9tence et surtout le non vouloir, l&rsquo;abandon du r\u00e9seau ferr\u00e9 historique par la SNCF.\n&nbsp;\nAinsi par exemple on a pu assister au dysfonctionnement du r\u00e9seau TER r\u00e9gional entier en Loire, Ain, et dans le Rh\u00f4ne ce mardi 13 novembre, provoquant de tr\u00e8s nombreux retards :\n&nbsp;\n<img loading=\"lazy\" decoding=\"async\" class=\" aligncenter size-full wp-image-2519\" src=\"http:\/\/5.45.101.177\/haut-allier\/usagers-transportse\/wp-content\/uploads\/2018\/11\/sncf_ter_aura_sncfteraura_twitter.png\" alt=\"sncf_ter_aura_sncfteraura_twitter.png\" align=\"center\" width=\"553\" height=\"617\" srcset=\"https:\/\/usagers-transports.haut-allier.eu\/wp-content\/uploads\/2018\/11\/sncf_ter_aura_sncfteraura_twitter.png 553w, https:\/\/usagers-transports.haut-allier.eu\/wp-content\/uploads\/2018\/11\/sncf_ter_aura_sncfteraura_twitter-269x300.png 269w\" sizes=\"auto, (max-width: 553px) 100vw, 553px\" \/>\n&nbsp;\nEvidemment la presse et les usagers pouffent, on les comprend :\n&nbsp;\n<img loading=\"lazy\" decoding=\"async\" class=\" aligncenter size-full wp-image-2520\" src=\"http:\/\/5.45.101.177\/haut-allier\/usagers-transportse\/wp-content\/uploads\/2018\/11\/usagers_haut_allier_usagershtallier_twitter.png\" alt=\"usagers_haut_allier_usagershtallier_twitter.png\" align=\"center\" width=\"573\" height=\"226\" srcset=\"https:\/\/usagers-transports.haut-allier.eu\/wp-content\/uploads\/2018\/11\/usagers_haut_allier_usagershtallier_twitter.png 573w, https:\/\/usagers-transports.haut-allier.eu\/wp-content\/uploads\/2018\/11\/usagers_haut_allier_usagershtallier_twitter-300x118.png 300w\" sizes=\"auto, (max-width: 573px) 100vw, 573px\" \/>\n&nbsp;\n<img loading=\"lazy\" decoding=\"async\" class=\" aligncenter size-full wp-image-2526\" src=\"http:\/\/5.45.101.177\/haut-allier\/usagers-transportse\/wp-content\/uploads\/2018\/11\/sncf_feuilles_mortes_recherche_sur_twitter.png\" alt=\"sncf_feuilles_mortes_recherche_sur_twitter.png\" align=\"center\" width=\"582\" height=\"664\" srcset=\"https:\/\/usagers-transports.haut-allier.eu\/wp-content\/uploads\/2018\/11\/sncf_feuilles_mortes_recherche_sur_twitter.png 582w, https:\/\/usagers-transports.haut-allier.eu\/wp-content\/uploads\/2018\/11\/sncf_feuilles_mortes_recherche_sur_twitter-263x300.png 263w\" sizes=\"auto, (max-width: 582px) 100vw, 582px\" \/>\n&nbsp;\nEt la SNCF de \u00ab\u00a0communiquer\u00a0\u00bb \u00e0 tout va en nous faisant la morale, et d&rsquo;inventer <em>l&rsquo;ENRAYAGE <\/em> avec de jolies animations, des fiches d&rsquo;excuse tout expr\u00e8s  pens\u00e9es et calcul\u00e9es par des gens qui n&rsquo;ont que \u00e7a \u00e0 faire :\n&nbsp;\n<img loading=\"lazy\" decoding=\"async\" class=\" aligncenter size-full wp-image-2521\" src=\"http:\/\/5.45.101.177\/haut-allier\/usagers-transportse\/wp-content\/uploads\/2018\/11\/enrayage_et_feuilles_mortes_recherche_sur_twitter.png\" alt=\"enrayage_et_feuilles_mortes_recherche_sur_twitter.png\" align=\"center\" width=\"529\" height=\"297\" srcset=\"https:\/\/usagers-transports.haut-allier.eu\/wp-content\/uploads\/2018\/11\/enrayage_et_feuilles_mortes_recherche_sur_twitter.png 529w, https:\/\/usagers-transports.haut-allier.eu\/wp-content\/uploads\/2018\/11\/enrayage_et_feuilles_mortes_recherche_sur_twitter-300x168.png 300w\" sizes=\"auto, (max-width: 529px) 100vw, 529px\" \/>\n&nbsp;\n<img loading=\"lazy\" decoding=\"async\" class=\" aligncenter size-full wp-image-2527\" src=\"http:\/\/5.45.101.177\/haut-allier\/usagers-transportse\/wp-content\/uploads\/2018\/11\/pourquoi-les-feuilles-mortes-posent-probleme.png\" alt=\"pourquoi-les-feuilles-mortes-posent-probleme.png\" align=\"center\" width=\"731\" height=\"331\" srcset=\"https:\/\/usagers-transports.haut-allier.eu\/wp-content\/uploads\/2018\/11\/pourquoi-les-feuilles-mortes-posent-probleme.png 731w, https:\/\/usagers-transports.haut-allier.eu\/wp-content\/uploads\/2018\/11\/pourquoi-les-feuilles-mortes-posent-probleme-300x136.png 300w\" sizes=\"auto, (max-width: 731px) 100vw, 731px\" \/>\n&nbsp;\nEt m\u00eame des articles \u00ab\u00a0command\u00e9s\u00a0\u00bb, honte \u00e0 eux, envahissent les sites d&rsquo;information les plus s\u00e9rieux comme <a href=\"https:\/\/www.numerama.com\/sciences\/439616-pourquoi-les-feuilles-mortes-peuvent-ralentir-les-trains-en-automne.html\"><strong>Num\u00e9rama<\/strong><\/a>.\n&nbsp;\n<img loading=\"lazy\" decoding=\"async\" class=\" aligncenter size-full wp-image-2528\" src=\"http:\/\/5.45.101.177\/haut-allier\/usagers-transportse\/wp-content\/uploads\/2018\/11\/pourquoi_les_feuilles_mortes_peuvent_ralentir_les_trains_en_automne_sciences_numerama.png\" alt=\"pourquoi_les_feuilles_mortes_peuvent_ralentir_les_trains_en_automne_sciences_numerama.png\" align=\"center\" width=\"1264\" height=\"884\" srcset=\"https:\/\/usagers-transports.haut-allier.eu\/wp-content\/uploads\/2018\/11\/pourquoi_les_feuilles_mortes_peuvent_ralentir_les_trains_en_automne_sciences_numerama.png 1264w, https:\/\/usagers-transports.haut-allier.eu\/wp-content\/uploads\/2018\/11\/pourquoi_les_feuilles_mortes_peuvent_ralentir_les_trains_en_automne_sciences_numerama-300x210.png 300w, https:\/\/usagers-transports.haut-allier.eu\/wp-content\/uploads\/2018\/11\/pourquoi_les_feuilles_mortes_peuvent_ralentir_les_trains_en_automne_sciences_numerama-1024x716.png 1024w, https:\/\/usagers-transports.haut-allier.eu\/wp-content\/uploads\/2018\/11\/pourquoi_les_feuilles_mortes_peuvent_ralentir_les_trains_en_automne_sciences_numerama-768x537.png 768w\" sizes=\"auto, (max-width: 1264px) 100vw, 1264px\" \/>\n&nbsp;\n<strong>Sauf que Messieurs de la SNCF il faudrait peut-\u00eatre pr\u00e9venir les probl\u00e8mes et inspecter et nettoyer les voies de nuit avant le passage des circulations du jour non ? Comme \u00e7a ?<\/strong>\n&nbsp;\n<img loading=\"lazy\" decoding=\"async\" class=\" aligncenter size-full wp-image-2529\" src=\"http:\/\/5.45.101.177\/haut-allier\/usagers-transportse\/wp-content\/uploads\/2018\/11\/feuilles-img_presse_automne_train_laveur_action_2_14-10-2013_0-2.jpg\" alt=\"feuilles-img_presse_automne_train_laveur_action_2_14-10-2013_0-2.jpg\" align=\"center\" width=\"694\" height=\"521\" srcset=\"https:\/\/usagers-transports.haut-allier.eu\/wp-content\/uploads\/2018\/11\/feuilles-img_presse_automne_train_laveur_action_2_14-10-2013_0-2.jpg 694w, https:\/\/usagers-transports.haut-allier.eu\/wp-content\/uploads\/2018\/11\/feuilles-img_presse_automne_train_laveur_action_2_14-10-2013_0-2-300x225.jpg 300w\" sizes=\"auto, (max-width: 694px) 100vw, 694px\" \/>\n&nbsp;\nOu comme \u00e7a ?\n&nbsp;\n<img loading=\"lazy\" decoding=\"async\" class=\" aligncenter size-full wp-image-2530\" src=\"http:\/\/5.45.101.177\/haut-allier\/usagers-transportse\/wp-content\/uploads\/2018\/11\/feuilles-lavage-photo-2.jpg\" alt=\"feuilles-lavage-photo-2.jpg\" align=\"center\" width=\"1632\" height=\"1224\" srcset=\"https:\/\/usagers-transports.haut-allier.eu\/wp-content\/uploads\/2018\/11\/feuilles-lavage-photo-2.jpg 1632w, https:\/\/usagers-transports.haut-allier.eu\/wp-content\/uploads\/2018\/11\/feuilles-lavage-photo-2-300x225.jpg 300w, https:\/\/usagers-transports.haut-allier.eu\/wp-content\/uploads\/2018\/11\/feuilles-lavage-photo-2-1024x768.jpg 1024w, https:\/\/usagers-transports.haut-allier.eu\/wp-content\/uploads\/2018\/11\/feuilles-lavage-photo-2-768x576.jpg 768w, https:\/\/usagers-transports.haut-allier.eu\/wp-content\/uploads\/2018\/11\/feuilles-lavage-photo-2-1536x1152.jpg 1536w\" sizes=\"auto, (max-width: 1632px) 100vw, 1632px\" \/>\n&nbsp;\n<strong>Ou comme vous voulez d&rsquo;ailleurs, mais arr\u00eatez de nous prendre pour des imb\u00e9ciles. Il s&rsquo;agit bien d&rsquo;une faute d&rsquo;anticipation, d&rsquo;un manque d&rsquo;entretien et de rien d&rsquo;autre. Vous nous saoulez.<\/strong>\n&nbsp;<p>&nbsp;<\/p>\n\n\t<figure class=\"wp-block-gallery columns-1 is-cropped wp-block-gallery-1 is-layout-flex wp-block-gallery-is-layout-flex\">\n\t\t<ul class=\"blocks-gallery-grid\">\n\t\t\t<li class=\"blocks-gallery-item\">\n\t\t\t\t<figure>\n\t\t\t\t\t\t\t\t\t\t\t<img loading=\"lazy\" decoding=\"async\" width=\"552\" height=\"90\" src=\"http:\/\/5.45.101.177\/haut-allier\/usagers-transportse\/wp-content\/uploads\/2018\/11\/feuilles_mortes_sncf_aura_recherche_sur_twitter.png\"\n\t\t\t\t\t\t alt=\"feuilles_mortes_sncf_aura_recherche_sur_twitter.png\"\n\t\t\t\t\t\t data-id=\"2522\"\n\t\t\t\t\t\t data-full-url=\"http:\/\/5.45.101.177\/haut-allier\/usagers-transportse\/wp-content\/uploads\/2018\/11\/feuilles_mortes_sncf_aura_recherche_sur_twitter.png\"\n\t\t\t\t\t\t data-link=\"http:\/\/5.45.101.177\/haut-allier\/usagers-transportse\/?attachment_id=2522\"\n\t\t\t\t\t\t class=\"wp-image-2522\" srcset=\"https:\/\/usagers-transports.haut-allier.eu\/wp-content\/uploads\/2018\/11\/feuilles_mortes_sncf_aura_recherche_sur_twitter.png 552w, https:\/\/usagers-transports.haut-allier.eu\/wp-content\/uploads\/2018\/11\/feuilles_mortes_sncf_aura_recherche_sur_twitter-300x49.png 300w\" sizes=\"auto, (max-width: 552px) 100vw, 552px\" \/>\n\t\t\t\t<\/figure>\n\t\t\t<\/li>\n\t\t<\/ul>\n\t<\/figure>\n","protected":false},"excerpt":{"rendered":"<p>Que ne voit-on pas fleurir dans les m\u00e9dias ces jours-ci, nous sommes en plein automne, des articles sur<\/p>\n","protected":false},"author":1,"featured_media":2525,"comment_status":"open","ping_status":"open","sticky":false,"template":"","format":"standard","meta":{"footnotes":""},"categories":[3],"tags":[],"class_list":["post-535","post","type-post","status-publish","format-standard","has-post-thumbnail","hentry","category-en-train"],"_links":{"self":[{"href":"https:\/\/usagers-transports.haut-allier.eu\/index.php\/wp-json\/wp\/v2\/posts\/535","targetHints":{"allow":["GET"]}}],"collection":[{"href":"https:\/\/usagers-transports.haut-allier.eu\/index.php\/wp-json\/wp\/v2\/posts"}],"about":[{"href":"https:\/\/usagers-transports.haut-allier.eu\/index.php\/wp-json\/wp\/v2\/types\/post"}],"author":[{"embeddable":true,"href":"https:\/\/usagers-transports.haut-allier.eu\/index.php\/wp-json\/wp\/v2\/users\/1"}],"replies":[{"embeddable":true,"href":"https:\/\/usagers-transports.haut-allier.eu\/index.php\/wp-json\/wp\/v2\/comments?post=535"}],"version-history":[{"count":1,"href":"https:\/\/usagers-transports.haut-allier.eu\/index.php\/wp-json\/wp\/v2\/posts\/535\/revisions"}],"predecessor-version":[{"id":2531,"href":"https:\/\/usagers-transports.haut-allier.eu\/index.php\/wp-json\/wp\/v2\/posts\/535\/revisions\/2531"}],"wp:featuredmedia":[{"embeddable":true,"href":"https:\/\/usagers-transports.haut-allier.eu\/index.php\/wp-json\/wp\/v2\/media\/2525"}],"wp:attachment":[{"href":"https:\/\/usagers-transports.haut-allier.eu\/index.php\/wp-json\/wp\/v2\/media?parent=535"}],"wp:term":[{"taxonomy":"category","embeddable":true,"href":"https:\/\/usagers-transports.haut-allier.eu\/index.php\/wp-json\/wp\/v2\/categories?post=535"},{"taxonomy":"post_tag","embeddable":true,"href":"https:\/\/usagers-transports.haut-allier.eu\/index.php\/wp-json\/wp\/v2\/tags?post=535"}],"curies":[{"name":"wp","href":"https:\/\/api.w.org\/{rel}","templated":true}]}}