{"id":536,"date":"2018-11-22T20:46:40","date_gmt":"2018-11-22T19:46:40","guid":{"rendered":"http:\/\/5.45.101.177\/haut-allier\/usagers-transportse\/index.php\/2018\/11\/22\/symbole-la-gare-de-figeac536\/"},"modified":"2018-11-22T20:46:40","modified_gmt":"2018-11-22T19:46:40","slug":"symbole-la-gare-de-figeac536","status":"publish","type":"post","link":"https:\/\/usagers-transports.haut-allier.eu\/index.php\/2018\/11\/22\/symbole-la-gare-de-figeac536\/","title":{"rendered":"Symbole : la gare de Figeac incendi\u00e9e"},"content":{"rendered":"<p>Une gare styl\u00e9e, qui faisait partie du patrimoine de cette cit\u00e9 des contreforts du Massif central, vient de partir en fum\u00e9e dans la nuit du 21 novembre. Une enqu\u00eate est en cours. Laissons parler les images mais toute allusion \u00e0 l&rsquo;\u00e9tat de d\u00e9labrement des gares et du r\u00e9seau ferroviaire des pays du centre de la France ne sera pas due au hasard.<br \/>\n&nbsp;<br \/>\n<img loading=\"lazy\" decoding=\"async\" class=\" aligncenter size-full wp-image-2533\" src=\"http:\/\/5.45.101.177\/haut-allier\/usagers-transportse\/wp-content\/uploads\/2018\/11\/figeacf1.jpg\" alt=\"figeacf1.jpg\" align=\"center\" width=\"657\" height=\"493\" srcset=\"https:\/\/usagers-transports.haut-allier.eu\/wp-content\/uploads\/2018\/11\/figeacf1.jpg 657w, https:\/\/usagers-transports.haut-allier.eu\/wp-content\/uploads\/2018\/11\/figeacf1-300x225.jpg 300w\" sizes=\"auto, (max-width: 657px) 100vw, 657px\" \/><br \/>\n&nbsp;<br \/>\n<img loading=\"lazy\" decoding=\"async\" class=\" aligncenter size-full wp-image-2534\" src=\"http:\/\/5.45.101.177\/haut-allier\/usagers-transportse\/wp-content\/uploads\/2018\/11\/figeacf2.jpg\" alt=\"figeacf2.jpg\" align=\"center\" width=\"650\" height=\"350\" srcset=\"https:\/\/usagers-transports.haut-allier.eu\/wp-content\/uploads\/2018\/11\/figeacf2.jpg 650w, https:\/\/usagers-transports.haut-allier.eu\/wp-content\/uploads\/2018\/11\/figeacf2-300x162.jpg 300w\" sizes=\"auto, (max-width: 650px) 100vw, 650px\" \/><br \/>\n&nbsp;<br \/>\n<em>La presse :<\/em><br \/>\n&nbsp;<br \/>\nLa D\u00e9p\u00eache : <a href=\"https:\/\/www.ladepeche.fr\/article\/2018\/11\/22\/2911448-gare-figeac-lot-ravagee-incendie.html\"><strong>\u00ab\u00a0Gare de Figeac, le maire parle d&rsquo;une \u00ab\u00a0catastrophe patrimoniale et \u00e9conomique\u00a0\u00bb<\/strong><\/a><br \/>\n&nbsp;<br \/>\nFrance 3 Occitanie :<br \/>\n&nbsp;<br \/>\n<iframe loading=\"lazy\" width=\"560\" height=\"315\" src=\"https:\/\/www.youtube.com\/embed\/-JHXGGX4VtI\" frameborder=\"0\" allow=\"accelerometer; autoplay; encrypted-media; gyroscope; picture-in-picture\" allowfullscreen><\/iframe><br \/>\n&nbsp;<br \/>\nFrance Bleu Occitanie Toulouse : <a href=\"https:\/\/www.francebleu.fr\/infos\/faits-divers-justice\/l-incendie-de-la-gare-de-figeac-perturbe-le-trafic-ferroviaire-en-occitanie-1542911768\"><strong>L&rsquo;incendie de la gare de Figeac perturbe le trafic ferroviaire en Occitanie<\/strong><\/a><br \/>\n&nbsp;<br \/>\n<em>[Avec JL Roche et Guy d&rsquo;A]<\/em><\/p>\n","protected":false},"excerpt":{"rendered":"<p>Une gare styl\u00e9e, qui faisait partie du patrimoine de cette cit\u00e9 des contreforts du Massif central, vient de<\/p>\n","protected":false},"author":1,"featured_media":2532,"comment_status":"open","ping_status":"open","sticky":false,"template":"","format":"standard","meta":{"footnotes":""},"categories":[3],"tags":[],"class_list":["post-536","post","type-post","status-publish","format-standard","has-post-thumbnail","hentry","category-en-train"],"_links":{"self":[{"href":"https:\/\/usagers-transports.haut-allier.eu\/index.php\/wp-json\/wp\/v2\/posts\/536","targetHints":{"allow":["GET"]}}],"collection":[{"href":"https:\/\/usagers-transports.haut-allier.eu\/index.php\/wp-json\/wp\/v2\/posts"}],"about":[{"href":"https:\/\/usagers-transports.haut-allier.eu\/index.php\/wp-json\/wp\/v2\/types\/post"}],"author":[{"embeddable":true,"href":"https:\/\/usagers-transports.haut-allier.eu\/index.php\/wp-json\/wp\/v2\/users\/1"}],"replies":[{"embeddable":true,"href":"https:\/\/usagers-transports.haut-allier.eu\/index.php\/wp-json\/wp\/v2\/comments?post=536"}],"version-history":[{"count":0,"href":"https:\/\/usagers-transports.haut-allier.eu\/index.php\/wp-json\/wp\/v2\/posts\/536\/revisions"}],"wp:featuredmedia":[{"embeddable":true,"href":"https:\/\/usagers-transports.haut-allier.eu\/index.php\/wp-json\/wp\/v2\/media\/2532"}],"wp:attachment":[{"href":"https:\/\/usagers-transports.haut-allier.eu\/index.php\/wp-json\/wp\/v2\/media?parent=536"}],"wp:term":[{"taxonomy":"category","embeddable":true,"href":"https:\/\/usagers-transports.haut-allier.eu\/index.php\/wp-json\/wp\/v2\/categories?post=536"},{"taxonomy":"post_tag","embeddable":true,"href":"https:\/\/usagers-transports.haut-allier.eu\/index.php\/wp-json\/wp\/v2\/tags?post=536"}],"curies":[{"name":"wp","href":"https:\/\/api.w.org\/{rel}","templated":true}]}}