{"id":538,"date":"2018-11-27T22:20:12","date_gmt":"2018-11-27T21:20:12","guid":{"rendered":"http:\/\/5.45.101.177\/haut-allier\/usagers-transportse\/index.php\/2018\/11\/27\/non-seulement-le-prestataire-sncf538\/"},"modified":"2018-11-27T22:20:12","modified_gmt":"2018-11-27T21:20:12","slug":"non-seulement-le-prestataire-sncf538","status":"publish","type":"post","link":"https:\/\/usagers-transports.haut-allier.eu\/index.php\/2018\/11\/27\/non-seulement-le-prestataire-sncf538\/","title":{"rendered":"Non seulement le prestataire SNCF n&rsquo;assure plus le service mais maintenant il se moque ouvertement de vous"},"content":{"rendered":"<p>V\u00e9cu par une habitante du haut Allier :<br \/>\n&nbsp;<br \/>\n<em><br \/>\n\u00ab\u00a0Je voulais vous faire part de mon \u00ab\u00a0\u00e9pop\u00e9e\u00a0\u00bb SNCF.<br \/>\n&nbsp;<br \/>\nTitulaire d\u2019un titre de transport de Toulouse \u00e0 Alleyras, via N\u00eemes, le 12 novembre 2018, j\u2019ai \u00e9t\u00e9 avis\u00e9e par SMS, le matin m\u00eame, que mon train \u00e9tait bien au d\u00e9part de Toulouse \u00e0 8h53.<br \/>\n&nbsp;<br \/>\nDans le train, nous avons \u00e9t\u00e9 inform\u00e9s que le train Toulouse-N\u00eemes aurait 1h15 de retard suite aux intemp\u00e9ries.<br \/>\n&nbsp;<br \/>\nArriv\u00e9e \u00e0 N\u00eemes \u00e0 13h au lieu de 11h44, le train de 14h13 pour Alleyras n\u2019\u00e9tait pas affich\u00e9.<br \/>\n&nbsp;<br \/>\nAu point information, le guichetier me dit que le train N\u00eemes-Alleyras est supprim\u00e9.<br \/>\n&nbsp;<br \/>\nQuand je lui demande de me trouver une solution pour continuer mon trajet, il me dit qu\u2019il n\u2019y en a pas, qu\u2019il faut prendre le train \u00e0 la m\u00eame heure le lendemain. Ma question est donc : \u00ab Me payez-vous une chambre d\u2019h\u00f4tel ? \u00bb. Sa r\u00e9ponse : <strong>\u00a0\u00bb Non, vous n\u2019avez qu\u2019\u00e0 retourner d\u2019o\u00f9 vous venez ! \u00ab\u00a0<\/strong>.<br \/>\n&nbsp;<br \/>\nQuand, je lui dis que ce n\u2019est pas possible, il m\u2019indique l\u2019adresse de l\u2019h\u00f4tel en face de la gare <strong>et je l\u2019entends dire \u00e0 ses coll\u00e8gues que j\u2019habite un \u00ab bled paum\u00e9 \u00bb<\/strong>.<br \/>\n&nbsp;<br \/>\nSans solution et afin de ne pas envenimer la situation, je d\u00e9cide de prendre une chambre pour la nuit dans l\u2019h\u00f4tel indiqu\u00e9.<br \/>\n&nbsp;<br \/>\nQuand, je me rends \u00e0 la gare de N\u00eemes le lendemain matin afin de v\u00e9rifier si le train de 14h13 circule bien, j\u2019apprends qu\u2019il y avait un train pour Alleyras \u00e0 8h10\u2026<br \/>\n&nbsp;<br \/>\n6 heures de plus \u00e0 attendre !<br \/>\nArriv\u00e9e \u00e0 Alleyras 17h03 le 13 novembre.<br \/>\n&nbsp;<br \/>\nBilan de mon voyage, plus de 32 heures pour aller de Toulouse \u00e0 Alleyras.<br \/>\n&nbsp;<br \/>\nJ&rsquo;ai adress\u00e9 une lettre de r\u00e9clamation \u00e0 la SNCF, le billet d&rsquo;origine comportant une portion par Intercit\u00e9s, afin que ma nuit d&rsquo;h\u00f4tel soit prise en charge.<br \/>\n&nbsp;<br \/>\nJe suis dans l&rsquo;attente d&rsquo;une r\u00e9ponse.<br \/>\n&nbsp;<br \/>\nMerci pour votre action.<br \/>\n&nbsp;<br \/>\nMarie-Odile.\u00a0\u00bb<br \/>\n<\/em><br \/>\n&nbsp;<br \/>\nMais ce v\u00e9cu se g\u00e9n\u00e9ralise partout sur le r\u00e9seau dit \u00ab\u00a0secondaire\u00a0\u00bb. Soit des voyages retard\u00e9s par les feuilles d&rsquo;automne, par la chute d&rsquo;une branche, par trop de pluie, par trop de vent, par trop de neige, par une \u00ab\u00a0sortie tardive du d\u00e9p\u00f4t\u00a0\u00bb, par l&rsquo;absence d&rsquo;un agent, tous les pr\u00e9textes vaseux sont pris pour justifier l&rsquo;incomp\u00e9tence grandissante et la perte de savoir faire de la SNCF.<br \/>\n&nbsp;<br \/>\nPar contre on est l\u00e0 pour mettre \u00e0 l&rsquo;int\u00e9rieur des trains de plus en plus de flics, y retirer les contr\u00f4leurs, leur interdire de d\u00e9livrer les billets \u00e0 prix normaux et leur ordonner d&rsquo;appliquer le tarif forfaitaire \u00e0 bord de 50 euros.<br \/>\n&nbsp;<br \/>\n<strong>A ce rythme les usagers vont vite regarder \u00e0 deux fois avant de pr\u00e9f\u00e9rer le train. Pour ceux qui ont encore le choix. Mais vous avez remarqu\u00e9 vous aussi depuis longtemps que tout ceci ne se passe que sur les lignes du quotidien&#8230; pas sur les lignes TGV. La SNCF est emm&#8230;d\u00e9e par le r\u00e9seau qu&rsquo;elle a re\u00e7u en gestion, le r\u00e9seau historique. Elle refuse de l&rsquo;am\u00e9nager quand on le lui demande et elle pousse des deux pieds pour la construction \u00e0 coups de milliards de \u00ab\u00a0son\u00a0\u00bb r\u00e9seau avec \u00ab\u00a0ses\u00a0\u00bb gares betteraves inutiles au m\u00e9pris de la volont\u00e9 des contribuables et des \u00e9lus. <\/strong><br \/>\n&nbsp;<br \/>\nVoil\u00e0 comment cela se passe \u00e0 Bourges : <a href=\"https:\/\/www.francebleu.fr\/infos\/societe\/bourges-des-voyageurs-sncf-exasperes-par-les-controles-sur-les-quais-1542969579\">Des voyageurs SNCF exasp\u00e9r\u00e9s par les contr\u00f4les sur les quais<\/a><br \/>\n&nbsp;<br \/>\nVivement du changement \u00e0 la t\u00eate de ce machin.<br \/>\n&nbsp;<\/p>\n<p>[(<br \/>\n<strong>Mise \u00e0 jour du 18 f\u00e9vrier 2019 :<\/strong><br \/>\n&nbsp;<br \/>\nL&rsquo;usag\u00e8re vient de recevoir de la part de la SNCF le remboursement du co\u00fbt de ladite chambre ainsi que 75% du billet. Elle ne pouvait faire moins.<br \/>\n&nbsp;<br \/>\n)]<\/p>\n","protected":false},"excerpt":{"rendered":"<p>V\u00e9cu par une habitante du haut Allier : &nbsp; \u00ab\u00a0Je voulais vous faire part de mon \u00ab\u00a0\u00e9pop\u00e9e\u00a0\u00bb SNCF.<\/p>\n","protected":false},"author":1,"featured_media":2539,"comment_status":"open","ping_status":"open","sticky":false,"template":"","format":"standard","meta":{"footnotes":""},"categories":[3],"tags":[],"class_list":["post-538","post","type-post","status-publish","format-standard","has-post-thumbnail","hentry","category-en-train"],"_links":{"self":[{"href":"https:\/\/usagers-transports.haut-allier.eu\/index.php\/wp-json\/wp\/v2\/posts\/538","targetHints":{"allow":["GET"]}}],"collection":[{"href":"https:\/\/usagers-transports.haut-allier.eu\/index.php\/wp-json\/wp\/v2\/posts"}],"about":[{"href":"https:\/\/usagers-transports.haut-allier.eu\/index.php\/wp-json\/wp\/v2\/types\/post"}],"author":[{"embeddable":true,"href":"https:\/\/usagers-transports.haut-allier.eu\/index.php\/wp-json\/wp\/v2\/users\/1"}],"replies":[{"embeddable":true,"href":"https:\/\/usagers-transports.haut-allier.eu\/index.php\/wp-json\/wp\/v2\/comments?post=538"}],"version-history":[{"count":0,"href":"https:\/\/usagers-transports.haut-allier.eu\/index.php\/wp-json\/wp\/v2\/posts\/538\/revisions"}],"wp:featuredmedia":[{"embeddable":true,"href":"https:\/\/usagers-transports.haut-allier.eu\/index.php\/wp-json\/wp\/v2\/media\/2539"}],"wp:attachment":[{"href":"https:\/\/usagers-transports.haut-allier.eu\/index.php\/wp-json\/wp\/v2\/media?parent=538"}],"wp:term":[{"taxonomy":"category","embeddable":true,"href":"https:\/\/usagers-transports.haut-allier.eu\/index.php\/wp-json\/wp\/v2\/categories?post=538"},{"taxonomy":"post_tag","embeddable":true,"href":"https:\/\/usagers-transports.haut-allier.eu\/index.php\/wp-json\/wp\/v2\/tags?post=538"}],"curies":[{"name":"wp","href":"https:\/\/api.w.org\/{rel}","templated":true}]}}