{"id":54,"date":"2013-05-15T07:41:00","date_gmt":"2013-05-15T05:41:00","guid":{"rendered":"http:\/\/5.45.101.177\/haut-allier\/usagers-transportse\/index.php\/2013\/05\/15\/petition-aucune-info-en-temps-reel054\/"},"modified":"2013-05-15T07:41:00","modified_gmt":"2013-05-15T05:41:00","slug":"petition-aucune-info-en-temps-reel054","status":"publish","type":"post","link":"https:\/\/usagers-transports.haut-allier.eu\/index.php\/2013\/05\/15\/petition-aucune-info-en-temps-reel054\/","title":{"rendered":"P\u00e9tition : Aucune info en temps r\u00e9el dans les petites gares d\u00e9pourvues de guichet !"},"content":{"rendered":"<p><strong>EXIGEONS DE LA SNCF UN AFFICHAGE INFORMATIF EN TEMPS REEL DANS TOUTES LES GARES ET HALTES DU MASSIF CENTRAL QUI EN SONT DEPOURVUES !<\/strong><\/p>\n<p><strong>Cette p\u00e9tition est d\u00e9sormais regroup\u00e9e dans une <a href=\"http:\/\/usagers-transports.haut-allier.eu\/spip.php?article58\">p\u00e9tition g\u00e9n\u00e9rale<\/a>.<\/strong><\/p>\n","protected":false},"excerpt":{"rendered":"<p>EXIGEONS DE LA SNCF UN AFFICHAGE INFORMATIF EN TEMPS REEL DANS TOUTES LES GARES ET HALTES DU MASSIF<\/p>\n","protected":false},"author":1,"featured_media":0,"comment_status":"closed","ping_status":"open","sticky":false,"template":"","format":"standard","meta":{"footnotes":""},"categories":[2],"tags":[],"class_list":["post-54","post","type-post","status-publish","format-standard","hentry","category-infos"],"_links":{"self":[{"href":"https:\/\/usagers-transports.haut-allier.eu\/index.php\/wp-json\/wp\/v2\/posts\/54","targetHints":{"allow":["GET"]}}],"collection":[{"href":"https:\/\/usagers-transports.haut-allier.eu\/index.php\/wp-json\/wp\/v2\/posts"}],"about":[{"href":"https:\/\/usagers-transports.haut-allier.eu\/index.php\/wp-json\/wp\/v2\/types\/post"}],"author":[{"embeddable":true,"href":"https:\/\/usagers-transports.haut-allier.eu\/index.php\/wp-json\/wp\/v2\/users\/1"}],"replies":[{"embeddable":true,"href":"https:\/\/usagers-transports.haut-allier.eu\/index.php\/wp-json\/wp\/v2\/comments?post=54"}],"version-history":[{"count":0,"href":"https:\/\/usagers-transports.haut-allier.eu\/index.php\/wp-json\/wp\/v2\/posts\/54\/revisions"}],"wp:attachment":[{"href":"https:\/\/usagers-transports.haut-allier.eu\/index.php\/wp-json\/wp\/v2\/media?parent=54"}],"wp:term":[{"taxonomy":"category","embeddable":true,"href":"https:\/\/usagers-transports.haut-allier.eu\/index.php\/wp-json\/wp\/v2\/categories?post=54"},{"taxonomy":"post_tag","embeddable":true,"href":"https:\/\/usagers-transports.haut-allier.eu\/index.php\/wp-json\/wp\/v2\/tags?post=54"}],"curies":[{"name":"wp","href":"https:\/\/api.w.org\/{rel}","templated":true}]}}