{"id":540,"date":"2018-12-03T17:28:06","date_gmt":"2018-12-03T16:28:06","guid":{"rendered":"http:\/\/5.45.101.177\/haut-allier\/usagers-transportse\/index.php\/2018\/12\/03\/fetes-de-fin-d-annee-en-occitanie540\/"},"modified":"2018-12-03T17:28:06","modified_gmt":"2018-12-03T16:28:06","slug":"fetes-de-fin-d-annee-en-occitanie540","status":"publish","type":"post","link":"https:\/\/usagers-transports.haut-allier.eu\/index.php\/2018\/12\/03\/fetes-de-fin-d-annee-en-occitanie540\/","title":{"rendered":"F\u00eates de fin d&rsquo;ann\u00e9e en Occitanie et Auvergne : N\u00eemes Clermont-Ferrand \u00e0 un euro !"},"content":{"rendered":"<p>Le tarif Evasio&rsquo;1 euro de la r\u00e9gion Occitanie est applicable sur tous les TER Occitanie et notamment sur la ligne N\u00eemes Clermont-Ferrand. Puisqu&rsquo;on le sait un TER sur deux et l&rsquo;ancien train C\u00e9venol est g\u00e9r\u00e9 par cette r\u00e9gion jusqu&rsquo;\u00e0 la capitale auvergnate.<br \/>\n&nbsp;<br \/>\nLe nombre de billets est limit\u00e9 mais on en trouve encore pour l&rsquo;avant No\u00ebl t\u00e9moin cette recherche pour le 21 d\u00e9cembre :<br \/>\n&nbsp;<br \/>\n<img loading=\"lazy\" decoding=\"async\" class=\" aligncenter size-full wp-image-2544\" src=\"http:\/\/5.45.101.177\/haut-allier\/usagers-transportse\/wp-content\/uploads\/2018\/12\/joxi_screenshot_1543852592610_1_.png\" alt=\"joxi_screenshot_1543852592610_1_.png\" align=\"center\" width=\"800\" height=\"278\" srcset=\"https:\/\/usagers-transports.haut-allier.eu\/wp-content\/uploads\/2018\/12\/joxi_screenshot_1543852592610_1_.png 800w, https:\/\/usagers-transports.haut-allier.eu\/wp-content\/uploads\/2018\/12\/joxi_screenshot_1543852592610_1_-300x104.png 300w, https:\/\/usagers-transports.haut-allier.eu\/wp-content\/uploads\/2018\/12\/joxi_screenshot_1543852592610_1_-768x267.png 768w\" sizes=\"auto, (max-width: 800px) 100vw, 800px\" \/><br \/>\n&nbsp;<br \/>\nC&rsquo;est disons le exceptionnel ! Et on ne peut que remercier une nouvelle fois cette r\u00e9gion pour sa politique volontariste permanente en ce qui concerne les transports en commun et le train.<br \/>\n&nbsp;<br \/>\nVous pouvez acc\u00e9der \u00e0 ces billets en cherchant un peu sur le site :<br \/>\n&nbsp;<br \/>\n<a href=\"https:\/\/www.oui.sncf\/proposition\/?wishId=5c0551460b26af0c4bb70ec2#!\/?queryId=aY0Ax\">Oui SNCF <\/a><br \/>\n&nbsp;<br \/>\nou sur celui :<br \/>\n&nbsp;<br \/>\n<a href=\"https:\/\/www.ter.sncf.com\/occitanie\/offres\/tarifs-occitanie\/billets-1euro\">TER SNCF Occitanie<\/a><br \/>\n&nbsp;<br \/>\nOu via l&rsquo;application SNCF<br \/>\n&nbsp;<br \/>\nProfitez en !<br \/>\n&nbsp;<\/p>\n","protected":false},"excerpt":{"rendered":"<p>Le tarif Evasio&rsquo;1 euro de la r\u00e9gion Occitanie est applicable sur tous les TER Occitanie et notamment sur<\/p>\n","protected":false},"author":1,"featured_media":2543,"comment_status":"open","ping_status":"open","sticky":false,"template":"","format":"standard","meta":{"footnotes":""},"categories":[3],"tags":[],"class_list":["post-540","post","type-post","status-publish","format-standard","has-post-thumbnail","hentry","category-en-train"],"_links":{"self":[{"href":"https:\/\/usagers-transports.haut-allier.eu\/index.php\/wp-json\/wp\/v2\/posts\/540","targetHints":{"allow":["GET"]}}],"collection":[{"href":"https:\/\/usagers-transports.haut-allier.eu\/index.php\/wp-json\/wp\/v2\/posts"}],"about":[{"href":"https:\/\/usagers-transports.haut-allier.eu\/index.php\/wp-json\/wp\/v2\/types\/post"}],"author":[{"embeddable":true,"href":"https:\/\/usagers-transports.haut-allier.eu\/index.php\/wp-json\/wp\/v2\/users\/1"}],"replies":[{"embeddable":true,"href":"https:\/\/usagers-transports.haut-allier.eu\/index.php\/wp-json\/wp\/v2\/comments?post=540"}],"version-history":[{"count":0,"href":"https:\/\/usagers-transports.haut-allier.eu\/index.php\/wp-json\/wp\/v2\/posts\/540\/revisions"}],"wp:featuredmedia":[{"embeddable":true,"href":"https:\/\/usagers-transports.haut-allier.eu\/index.php\/wp-json\/wp\/v2\/media\/2543"}],"wp:attachment":[{"href":"https:\/\/usagers-transports.haut-allier.eu\/index.php\/wp-json\/wp\/v2\/media?parent=540"}],"wp:term":[{"taxonomy":"category","embeddable":true,"href":"https:\/\/usagers-transports.haut-allier.eu\/index.php\/wp-json\/wp\/v2\/categories?post=540"},{"taxonomy":"post_tag","embeddable":true,"href":"https:\/\/usagers-transports.haut-allier.eu\/index.php\/wp-json\/wp\/v2\/tags?post=540"}],"curies":[{"name":"wp","href":"https:\/\/api.w.org\/{rel}","templated":true}]}}