{"id":541,"date":"2018-12-06T07:43:28","date_gmt":"2018-12-06T06:43:28","guid":{"rendered":"http:\/\/5.45.101.177\/haut-allier\/usagers-transportse\/index.php\/2018\/12\/06\/reseau-ferroviaire-historique541\/"},"modified":"2018-12-06T07:43:28","modified_gmt":"2018-12-06T06:43:28","slug":"reseau-ferroviaire-historique541","status":"publish","type":"post","link":"https:\/\/usagers-transports.haut-allier.eu\/index.php\/2018\/12\/06\/reseau-ferroviaire-historique541\/","title":{"rendered":"R\u00e9seau ferroviaire historique d\u00e9labr\u00e9 : la Cour des comptes appelle l&rsquo;Etat \u00e0 augmenter son soutien financier au rail"},"content":{"rendered":"<p>Un r\u00e9veil un peu tardif mais bienvenu. A lire dans les Echos.<br \/>\n&nbsp;<br \/>\n<a href=\"http:\/\/5.45.101.177\/haut-allier\/usagers-transportse\/wp-content\/uploads\/2018\/12\/courdescomptes_rail.pdf\">courdescomptes_rail.pdf<\/a><\/p>\n<p>&nbsp;<br \/>\nEgalement \u00e0 lire sur l&rsquo;Usine Nouvelle :<a href=\"https:\/\/www.usinenouvelle.com\/article\/la-sncf-attaquee-sur-deux-fronts.N778894\"> <em>La SNCF attaqu\u00e9e sur deux fronts<\/em><\/a><\/p>\n","protected":false},"excerpt":{"rendered":"<p>Un r\u00e9veil un peu tardif mais bienvenu. A lire dans les Echos. &nbsp; courdescomptes_rail.pdf &nbsp; Egalement \u00e0 lire<\/p>\n","protected":false},"author":1,"featured_media":2545,"comment_status":"open","ping_status":"open","sticky":false,"template":"","format":"standard","meta":{"footnotes":""},"categories":[3],"tags":[],"class_list":["post-541","post","type-post","status-publish","format-standard","has-post-thumbnail","hentry","category-en-train"],"_links":{"self":[{"href":"https:\/\/usagers-transports.haut-allier.eu\/index.php\/wp-json\/wp\/v2\/posts\/541","targetHints":{"allow":["GET"]}}],"collection":[{"href":"https:\/\/usagers-transports.haut-allier.eu\/index.php\/wp-json\/wp\/v2\/posts"}],"about":[{"href":"https:\/\/usagers-transports.haut-allier.eu\/index.php\/wp-json\/wp\/v2\/types\/post"}],"author":[{"embeddable":true,"href":"https:\/\/usagers-transports.haut-allier.eu\/index.php\/wp-json\/wp\/v2\/users\/1"}],"replies":[{"embeddable":true,"href":"https:\/\/usagers-transports.haut-allier.eu\/index.php\/wp-json\/wp\/v2\/comments?post=541"}],"version-history":[{"count":0,"href":"https:\/\/usagers-transports.haut-allier.eu\/index.php\/wp-json\/wp\/v2\/posts\/541\/revisions"}],"wp:featuredmedia":[{"embeddable":true,"href":"https:\/\/usagers-transports.haut-allier.eu\/index.php\/wp-json\/wp\/v2\/media\/2545"}],"wp:attachment":[{"href":"https:\/\/usagers-transports.haut-allier.eu\/index.php\/wp-json\/wp\/v2\/media?parent=541"}],"wp:term":[{"taxonomy":"category","embeddable":true,"href":"https:\/\/usagers-transports.haut-allier.eu\/index.php\/wp-json\/wp\/v2\/categories?post=541"},{"taxonomy":"post_tag","embeddable":true,"href":"https:\/\/usagers-transports.haut-allier.eu\/index.php\/wp-json\/wp\/v2\/tags?post=541"}],"curies":[{"name":"wp","href":"https:\/\/api.w.org\/{rel}","templated":true}]}}