{"id":542,"date":"2018-12-08T18:34:16","date_gmt":"2018-12-08T17:34:16","guid":{"rendered":"http:\/\/5.45.101.177\/haut-allier\/usagers-transportse\/index.php\/2018\/12\/08\/vapeur-en-cevennes-nouvelle542\/"},"modified":"2018-12-08T18:34:16","modified_gmt":"2018-12-08T17:34:16","slug":"vapeur-en-cevennes-nouvelle542","status":"publish","type":"post","link":"https:\/\/usagers-transports.haut-allier.eu\/index.php\/2018\/12\/08\/vapeur-en-cevennes-nouvelle542\/","title":{"rendered":"Vapeur en C\u00e9vennes : nouvelle \u00e9dition augment\u00e9e"},"content":{"rendered":"<p>Claude Pign\u00e8de a termin\u00e9 la r\u00e9\u00e9dition am\u00e9lior\u00e9e du livre de son p\u00e8re Pierre Pign\u00e8de \u00ab\u00a0Vapeur en C\u00e9vennes\u00a0\u00bb un ouvrage dont la premi\u00e8re version a \u00e9t\u00e9 plus que bien accueillie et fait r\u00e9f\u00e9rence pour tous les ferrophiles. Nous avons pu consulter le premier exemplaire de la nouvelle \u00e9dition il y a une semaine.<br \/>\n&nbsp;<br \/>\n<img loading=\"lazy\" decoding=\"async\" class=\" aligncenter size-full wp-image-2548\" src=\"http:\/\/5.45.101.177\/haut-allier\/usagers-transportse\/wp-content\/uploads\/2018\/12\/vapeurencevennes.jpg\" alt=\"vapeurencevennes.jpg\" align=\"center\" width=\"1136\" height=\"1635\" srcset=\"https:\/\/usagers-transports.haut-allier.eu\/wp-content\/uploads\/2018\/12\/vapeurencevennes.jpg 1136w, https:\/\/usagers-transports.haut-allier.eu\/wp-content\/uploads\/2018\/12\/vapeurencevennes-208x300.jpg 208w, https:\/\/usagers-transports.haut-allier.eu\/wp-content\/uploads\/2018\/12\/vapeurencevennes-711x1024.jpg 711w, https:\/\/usagers-transports.haut-allier.eu\/wp-content\/uploads\/2018\/12\/vapeurencevennes-768x1105.jpg 768w, https:\/\/usagers-transports.haut-allier.eu\/wp-content\/uploads\/2018\/12\/vapeurencevennes-1067x1536.jpg 1067w\" sizes=\"auto, (max-width: 1136px) 100vw, 1136px\" \/><br \/>\n&nbsp;<br \/>\nOn peut souscrire pour le recevoir d\u00e8s sa parution en imprimant le bon de commande ci-dessous ou en mailant \u00e0 <a href=\"mailto:claude.pignede@gmail.com\">claude.pignede@gmail.com<\/a><br \/>\n&nbsp;<br \/>\n<a href=\"http:\/\/5.45.101.177\/haut-allier\/usagers-transportse\/wp-content\/uploads\/2018\/12\/vapeurencevennes-souscription.pdf\">vapeurencevennes-souscription.pdf<\/a><br \/>\n&nbsp;<\/p>\n","protected":false},"excerpt":{"rendered":"<p>Claude Pign\u00e8de a termin\u00e9 la r\u00e9\u00e9dition am\u00e9lior\u00e9e du livre de son p\u00e8re Pierre Pign\u00e8de \u00ab\u00a0Vapeur en C\u00e9vennes\u00a0\u00bb un<\/p>\n","protected":false},"author":1,"featured_media":2547,"comment_status":"open","ping_status":"open","sticky":false,"template":"","format":"standard","meta":{"footnotes":""},"categories":[3],"tags":[],"class_list":["post-542","post","type-post","status-publish","format-standard","has-post-thumbnail","hentry","category-en-train"],"_links":{"self":[{"href":"https:\/\/usagers-transports.haut-allier.eu\/index.php\/wp-json\/wp\/v2\/posts\/542","targetHints":{"allow":["GET"]}}],"collection":[{"href":"https:\/\/usagers-transports.haut-allier.eu\/index.php\/wp-json\/wp\/v2\/posts"}],"about":[{"href":"https:\/\/usagers-transports.haut-allier.eu\/index.php\/wp-json\/wp\/v2\/types\/post"}],"author":[{"embeddable":true,"href":"https:\/\/usagers-transports.haut-allier.eu\/index.php\/wp-json\/wp\/v2\/users\/1"}],"replies":[{"embeddable":true,"href":"https:\/\/usagers-transports.haut-allier.eu\/index.php\/wp-json\/wp\/v2\/comments?post=542"}],"version-history":[{"count":0,"href":"https:\/\/usagers-transports.haut-allier.eu\/index.php\/wp-json\/wp\/v2\/posts\/542\/revisions"}],"wp:featuredmedia":[{"embeddable":true,"href":"https:\/\/usagers-transports.haut-allier.eu\/index.php\/wp-json\/wp\/v2\/media\/2547"}],"wp:attachment":[{"href":"https:\/\/usagers-transports.haut-allier.eu\/index.php\/wp-json\/wp\/v2\/media?parent=542"}],"wp:term":[{"taxonomy":"category","embeddable":true,"href":"https:\/\/usagers-transports.haut-allier.eu\/index.php\/wp-json\/wp\/v2\/categories?post=542"},{"taxonomy":"post_tag","embeddable":true,"href":"https:\/\/usagers-transports.haut-allier.eu\/index.php\/wp-json\/wp\/v2\/tags?post=542"}],"curies":[{"name":"wp","href":"https:\/\/api.w.org\/{rel}","templated":true}]}}