{"id":543,"date":"2018-12-13T08:43:10","date_gmt":"2018-12-13T07:43:10","guid":{"rendered":"http:\/\/5.45.101.177\/haut-allier\/usagers-transportse\/index.php\/2018\/12\/13\/la-sncf-flic-des-aides-publiques-a543\/"},"modified":"2018-12-13T08:43:10","modified_gmt":"2018-12-13T07:43:10","slug":"la-sncf-flic-des-aides-publiques-a543","status":"publish","type":"post","link":"https:\/\/usagers-transports.haut-allier.eu\/index.php\/2018\/12\/13\/la-sncf-flic-des-aides-publiques-a543\/","title":{"rendered":"La SNCF flic des aides publiques \u00e0 son \u00e9gard"},"content":{"rendered":"<p>Elle adore jouer ce r\u00f4le, celui de sh\u00e9rif des citoyens, des \u00e9lus, ses sujets&#8230; Non pas ses usagers, pas ses voyageurs, \u00e7a on sait que depuis longtemps en zone rurale ils passent au second plan, mais faire la police envers ses clients \u00e7a \u00e7a lui plait, soit pour r\u00e9cup\u00e9rer les sous sous des soit-disant fraudeurs \u00e0 coups d&rsquo;amendes de 100 euros et de tribunaux, m\u00eame lorsque ceux ci n&rsquo;ont pas pu acheter leurs billets hors des trains \u00e0 cause des guichets et gares qu&rsquo;elle ferme \u00e0 tour de bras.<br \/>\n&nbsp;<br \/>\nAux nombreux t\u00e9moignages des usagers pris pour vaches \u00e0 lait, ajoutons maintenant en exemple ce qui s&rsquo;est pass\u00e9 \u00e0 Neussargues :<br \/>\n&nbsp;<br \/>\n<em>\u00a0\u00bb Le guichet de la gare de Neussargues est ferm\u00e9 depuis le 01-12<br \/>\n&nbsp;<br \/>\nLa maison des services et du tourisme devait assurer la succession apr\u00e8s installation compl\u00e8te des terminaux et formation de la fille op\u00e9ratrice.<br \/>\n&nbsp;<br \/>\n3 jours avant \u00ab\u00a0l&rsquo;ouverture\u00a0\u00bb descente d&rsquo;agents de la SNCF : \u00ab\u00a0On enl\u00e8ve tout, motif : pas de convention sign\u00e9e\u00a0\u00bb<br \/>\n&nbsp;<br \/>\nEt depuis aucune nouvelle&#8230;.<br \/>\n&nbsp;<br \/>\nLa fille note quand-m\u00eame les demandes de billets (2-3 visites par jour)&#8230; \u00a0\u00bb <\/em><br \/>\n&nbsp;<br \/>\nAjoutons autre chose : en d\u00e9but de mois de d\u00e9cembre nous apprenons que <strong>la SNCF a mis en demeure l&rsquo;\u00e9tat et la r\u00e9gion AURA concernant les travaux d&rsquo;entretien de la ligne Clermont N\u00eemes entre Langogne et Brioude : elle exige sous peine de fermeture rapide de la ligne le versement d&rsquo;un budget pour 2018 2019.<\/strong><br \/>\n&nbsp;<br \/>\nCar on le voit la soci\u00e9t\u00e9 dite ferroviaire est pr\u00eate \u00e0 abandonner son r\u00e9seau historique au moindre faux pas des d\u00e9cideurs.<br \/>\n&nbsp;<br \/>\nNon elle n&rsquo;a pas le budget de quelques dizaines de milliers d&rsquo;euros pour parer \u00e0 ce genre de soubresaut politique, entre l&rsquo;\u00e9tat et la r\u00e9gion.<br \/>\n&nbsp;<br \/>\nNon elle ne fera rien et en profitera pour fermer la ligne comme elle le fait depuis des d\u00e9cennies dans le pays. Merci Grand Pipo.<br \/>\n&nbsp;<br \/>\nOui c&rsquo;est bien elle avant tout et ses dirigeants que les citoyens am\u00e8neront en premier \u00e0 l&rsquo;\u00e9chafaud le temps venu pour dilapidation et non gestion d&rsquo;un r\u00e9seau de vie public. <\/p>\n","protected":false},"excerpt":{"rendered":"<p>Elle adore jouer ce r\u00f4le, celui de sh\u00e9rif des citoyens, des \u00e9lus, ses sujets&#8230; Non pas ses usagers,<\/p>\n","protected":false},"author":1,"featured_media":2550,"comment_status":"open","ping_status":"open","sticky":false,"template":"","format":"standard","meta":{"footnotes":""},"categories":[3],"tags":[],"class_list":["post-543","post","type-post","status-publish","format-standard","has-post-thumbnail","hentry","category-en-train"],"_links":{"self":[{"href":"https:\/\/usagers-transports.haut-allier.eu\/index.php\/wp-json\/wp\/v2\/posts\/543","targetHints":{"allow":["GET"]}}],"collection":[{"href":"https:\/\/usagers-transports.haut-allier.eu\/index.php\/wp-json\/wp\/v2\/posts"}],"about":[{"href":"https:\/\/usagers-transports.haut-allier.eu\/index.php\/wp-json\/wp\/v2\/types\/post"}],"author":[{"embeddable":true,"href":"https:\/\/usagers-transports.haut-allier.eu\/index.php\/wp-json\/wp\/v2\/users\/1"}],"replies":[{"embeddable":true,"href":"https:\/\/usagers-transports.haut-allier.eu\/index.php\/wp-json\/wp\/v2\/comments?post=543"}],"version-history":[{"count":0,"href":"https:\/\/usagers-transports.haut-allier.eu\/index.php\/wp-json\/wp\/v2\/posts\/543\/revisions"}],"wp:featuredmedia":[{"embeddable":true,"href":"https:\/\/usagers-transports.haut-allier.eu\/index.php\/wp-json\/wp\/v2\/media\/2550"}],"wp:attachment":[{"href":"https:\/\/usagers-transports.haut-allier.eu\/index.php\/wp-json\/wp\/v2\/media?parent=543"}],"wp:term":[{"taxonomy":"category","embeddable":true,"href":"https:\/\/usagers-transports.haut-allier.eu\/index.php\/wp-json\/wp\/v2\/categories?post=543"},{"taxonomy":"post_tag","embeddable":true,"href":"https:\/\/usagers-transports.haut-allier.eu\/index.php\/wp-json\/wp\/v2\/tags?post=543"}],"curies":[{"name":"wp","href":"https:\/\/api.w.org\/{rel}","templated":true}]}}