{"id":544,"date":"2018-12-16T13:19:19","date_gmt":"2018-12-16T12:19:19","guid":{"rendered":"http:\/\/5.45.101.177\/haut-allier\/usagers-transportse\/index.php\/2018\/12\/16\/gorges-du-haut-allier-le544\/"},"modified":"2018-12-16T13:19:19","modified_gmt":"2018-12-16T12:19:19","slug":"gorges-du-haut-allier-le544","status":"publish","type":"post","link":"https:\/\/usagers-transports.haut-allier.eu\/index.php\/2018\/12\/16\/gorges-du-haut-allier-le544\/","title":{"rendered":"Gorges du Haut-Allier : le calendrier 2019 du train touristique du SMAT est l\u00e0"},"content":{"rendered":"<p>Les dates de circulation du train touristique du SMAT pour l&rsquo;\u00e9t\u00e9 2019 viennent d&rsquo;\u00eatre publi\u00e9es sur leur site <a href=\"https:\/\/www.train-gorges-allier.com\/infos-pratiques\/\"><strong>ici<\/strong><\/a>.<br \/>\n&nbsp;<br \/>\nLe billet inclut le retour en train touristique uniquement. L&#8217;emprunt d&rsquo;un train r\u00e9gulier \u00e0 un horaire diff\u00e9rent obligera \u00e0 l&rsquo;achat suppl\u00e9mentaire d&rsquo;un billet au tarif SNCF. <strong>Il y en a seulement 8 dates de juillet \u00e0 septembre<\/strong> :<br \/>\n&nbsp;<br \/>\n17, 24 &#038; 31 juillet                                                                                                                                7, 14, 21 &#038; 28 ao\u00fbt                                                                                                                             4 septembre<br \/>\n&nbsp;<br \/>\nLe d\u00e9part se fait \u00e0 la gare SNCF de Langeac.<br \/>\n&nbsp;<br \/>\nLe trajet du retour doit se faire imp\u00e9rativement en Train Touristique.<br \/>\n&nbsp;<br \/>\n<img loading=\"lazy\" decoding=\"async\" class=\" aligncenter size-full wp-image-2552\" src=\"http:\/\/5.45.101.177\/haut-allier\/usagers-transportse\/wp-content\/uploads\/2018\/12\/calendriertraintouristique2019.png\" alt=\"calendriertraintouristique2019.png\" align=\"center\" width=\"1033\" height=\"655\" srcset=\"https:\/\/usagers-transports.haut-allier.eu\/wp-content\/uploads\/2018\/12\/calendriertraintouristique2019.png 1033w, https:\/\/usagers-transports.haut-allier.eu\/wp-content\/uploads\/2018\/12\/calendriertraintouristique2019-300x190.png 300w, https:\/\/usagers-transports.haut-allier.eu\/wp-content\/uploads\/2018\/12\/calendriertraintouristique2019-1024x649.png 1024w, https:\/\/usagers-transports.haut-allier.eu\/wp-content\/uploads\/2018\/12\/calendriertraintouristique2019-768x487.png 768w\" sizes=\"auto, (max-width: 1033px) 100vw, 1033px\" \/><br \/>\n&nbsp;<br \/>\nLes circulations sont assur\u00e9es par l&rsquo;association <a href=\"http:\/\/trainvapeur-auvergne.com\/\"><strong>Train \u00e0 Vapeur d&rsquo;Auvergne de Clermont-Ferrand<\/strong><\/a>.<br \/>\n&nbsp;<br \/>\nLe train est tract\u00e9 par une locomotive diesel, pas de locomotive \u00e0 vapeur. Voitures issues de mat\u00e9riel d\u00e9class\u00e9 de la SNCF mais pas de voitures historiques.<br \/>\n&nbsp;<br \/>\nNous serons tr\u00e8s \u00e9tonn\u00e9s que pour la premi\u00e8re fois cette ann\u00e9e seule une formule sur 4 indiqu\u00e9es propose un d\u00e9part en gare d&rsquo;Alleyras. Aucune formule Langeac Alleyras. C&rsquo;est \u00e9trange&#8230;<br \/>\nPareil sur le site du train touristique, \u00e0 la page \u00ab\u00a0Gares\u00a0\u00bb des descriptions et des propositions de visites de toutes les gares sauf&#8230; pour Alleyras.<br \/>\n&nbsp;<br \/>\n<img loading=\"lazy\" decoding=\"async\" class=\" aligncenter size-full wp-image-2553\" src=\"http:\/\/5.45.101.177\/haut-allier\/usagers-transportse\/wp-content\/uploads\/2018\/12\/les_gares_le_train_touristique_des_gorges_de_l_allier.png\" alt=\"les_gares_le_train_touristique_des_gorges_de_l_allier.png\" align=\"center\" width=\"643\" height=\"900\" srcset=\"https:\/\/usagers-transports.haut-allier.eu\/wp-content\/uploads\/2018\/12\/les_gares_le_train_touristique_des_gorges_de_l_allier.png 643w, https:\/\/usagers-transports.haut-allier.eu\/wp-content\/uploads\/2018\/12\/les_gares_le_train_touristique_des_gorges_de_l_allier-214x300.png 214w\" sizes=\"auto, (max-width: 643px) 100vw, 643px\" \/><br \/>\n&nbsp;<br \/>\nUn train relativement bien appr\u00e9ci\u00e9, t\u00e9moin les avis des clients de Trip Advisor affich\u00e9s sur le site :<br \/>\n&nbsp;<br \/>\n<img loading=\"lazy\" decoding=\"async\" class=\" aligncenter size-full wp-image-2554\" src=\"http:\/\/5.45.101.177\/haut-allier\/usagers-transportse\/wp-content\/uploads\/2018\/12\/tripadvisor.png\" alt=\"tripadvisor.png\" align=\"center\" width=\"236\" height=\"381\" srcset=\"https:\/\/usagers-transports.haut-allier.eu\/wp-content\/uploads\/2018\/12\/tripadvisor.png 236w, https:\/\/usagers-transports.haut-allier.eu\/wp-content\/uploads\/2018\/12\/tripadvisor-186x300.png 186w\" sizes=\"auto, (max-width: 236px) 100vw, 236px\" \/><\/p>\n","protected":false},"excerpt":{"rendered":"<p>Les dates de circulation du train touristique du SMAT pour l&rsquo;\u00e9t\u00e9 2019 viennent d&rsquo;\u00eatre publi\u00e9es sur leur site<\/p>\n","protected":false},"author":1,"featured_media":2551,"comment_status":"open","ping_status":"open","sticky":false,"template":"","format":"standard","meta":{"footnotes":""},"categories":[3],"tags":[],"class_list":["post-544","post","type-post","status-publish","format-standard","has-post-thumbnail","hentry","category-en-train"],"_links":{"self":[{"href":"https:\/\/usagers-transports.haut-allier.eu\/index.php\/wp-json\/wp\/v2\/posts\/544","targetHints":{"allow":["GET"]}}],"collection":[{"href":"https:\/\/usagers-transports.haut-allier.eu\/index.php\/wp-json\/wp\/v2\/posts"}],"about":[{"href":"https:\/\/usagers-transports.haut-allier.eu\/index.php\/wp-json\/wp\/v2\/types\/post"}],"author":[{"embeddable":true,"href":"https:\/\/usagers-transports.haut-allier.eu\/index.php\/wp-json\/wp\/v2\/users\/1"}],"replies":[{"embeddable":true,"href":"https:\/\/usagers-transports.haut-allier.eu\/index.php\/wp-json\/wp\/v2\/comments?post=544"}],"version-history":[{"count":0,"href":"https:\/\/usagers-transports.haut-allier.eu\/index.php\/wp-json\/wp\/v2\/posts\/544\/revisions"}],"wp:featuredmedia":[{"embeddable":true,"href":"https:\/\/usagers-transports.haut-allier.eu\/index.php\/wp-json\/wp\/v2\/media\/2551"}],"wp:attachment":[{"href":"https:\/\/usagers-transports.haut-allier.eu\/index.php\/wp-json\/wp\/v2\/media?parent=544"}],"wp:term":[{"taxonomy":"category","embeddable":true,"href":"https:\/\/usagers-transports.haut-allier.eu\/index.php\/wp-json\/wp\/v2\/categories?post=544"},{"taxonomy":"post_tag","embeddable":true,"href":"https:\/\/usagers-transports.haut-allier.eu\/index.php\/wp-json\/wp\/v2\/tags?post=544"}],"curies":[{"name":"wp","href":"https:\/\/api.w.org\/{rel}","templated":true}]}}