{"id":546,"date":"2018-12-26T14:42:00","date_gmt":"2018-12-26T13:42:00","guid":{"rendered":"http:\/\/5.45.101.177\/haut-allier\/usagers-transportse\/index.php\/2018\/12\/26\/usagers-de-la-ligne-train-cevenol546\/"},"modified":"2018-12-26T14:42:00","modified_gmt":"2018-12-26T13:42:00","slug":"usagers-de-la-ligne-train-cevenol546","status":"publish","type":"post","link":"https:\/\/usagers-transports.haut-allier.eu\/index.php\/2018\/12\/26\/usagers-de-la-ligne-train-cevenol546\/","title":{"rendered":"Usagers de la ligne train C\u00e9venol Clermont N\u00eemes vous m\u00e9ritez un beau dipl\u00f4me !"},"content":{"rendered":"<p>C&rsquo;est l&rsquo;association qui pr\u00e9pare le 150\u00e8me anniversaire de la ligne mythique qui va vous le d\u00e9livrer en \u00e9change d&rsquo;un petit don de votre choix. <\/p>\n<p><a href=\"http:\/\/150anstraincevenol.info\">150anstraincevenol.info<\/a> (rubrique Association)<\/p>\n<p>Regardez comme il est beau&#8230;<\/p>\n<p><img loading=\"lazy\" decoding=\"async\" class=\" aligncenter size-full wp-image-2557\" src=\"http:\/\/5.45.101.177\/haut-allier\/usagers-transportse\/wp-content\/uploads\/2018\/12\/diplome-ami-du-train-cevenol-150anstraincevenol-info.png\" alt=\"diplome-ami-du-train-cevenol-150anstraincevenol-info.png\" align=\"center\" width=\"916\" height=\"643\" srcset=\"https:\/\/usagers-transports.haut-allier.eu\/wp-content\/uploads\/2018\/12\/diplome-ami-du-train-cevenol-150anstraincevenol-info.png 916w, https:\/\/usagers-transports.haut-allier.eu\/wp-content\/uploads\/2018\/12\/diplome-ami-du-train-cevenol-150anstraincevenol-info-300x211.png 300w, https:\/\/usagers-transports.haut-allier.eu\/wp-content\/uploads\/2018\/12\/diplome-ami-du-train-cevenol-150anstraincevenol-info-768x539.png 768w\" sizes=\"auto, (max-width: 916px) 100vw, 916px\" \/><br \/>\n&nbsp;<br \/>\nOui vous le m\u00e9ritez bien, vous qui vivez les dysfonctionnements permanents de la ligne que nous inflige SNCF ainsi que la r\u00e9gion Auvergne Rh\u00f4ne Alpes gestionnaire (?) sur sa partie nord.<br \/>\n&nbsp;<br \/>\nMais jetons un coup d&rsquo;oeil sur les objectifs de l&rsquo;association qui le d\u00e9livre ce dipl\u00f4me&#8230; Elle a \u00e9t\u00e9 cr\u00e9\u00e9 l&rsquo;\u00e9t\u00e9 dernier et veut f\u00e9d\u00e9rer toutes les \u00e9nergies pour c\u00e9l\u00e9brer d&rsquo;Al\u00e8s \u00e0 Brioude \u00e0 l&rsquo;\u00e9t\u00e9 2020, le cent-cinquantenaire de notre ligne mythique qui prouve toujours son utilit\u00e9 pour le d\u00e9senclavement de nos territoires du massif central avec ses soeurs, toutes les petites lignes vers Aurillac Brives, Millau B\u00e9ziers, Thiers Boen, etc&#8230; \u00ab\u00a0Petites lignes\u00a0\u00bb r\u00e9cemment appel\u00e9es ainsi par la soci\u00e9t\u00e9 dite ferroviaire qui les ferme \u00e0 tour de bras depuis des dizaines d&rsquo;ann\u00e9es.<br \/>\n&nbsp;<br \/>\nEt c&rsquo;est un combat permanent, vous le savez sans doute, de tous les usagers et des \u00e9lus r\u00e9unis dans divers collectifs et associations pour surveiller son fonctionnement et d\u00e9noncer tous les manquements du gestionnaire actuel.<br \/>\n&nbsp;<br \/>\nVous ne le savez peut-\u00eatre pas mais ne serait-ce que cette ligne, Clermont Fd N\u00eemes, est elle aussi sur la sellette puisque la r\u00e9gion Auvergne Rh\u00f4ne Alpes a entam\u00e9 un bras de fer avec SNCF R\u00e9seau pour savoir qui allait payer les travaux d&rsquo;entretien indispensables \u00e0 la poursuite des circulations de trains. A tel point que pour la premi\u00e8re fois depuis plus de 10 ans aucun travaux n&rsquo;a \u00e9t\u00e9 fait cette ann\u00e9e 2018. Et on se dirige vers la m\u00eame absence en 2019. Au moindre incident SNCF R\u00e9seau d\u00e9clarera la ligne ferm\u00e9e.<br \/>\n&nbsp;<br \/>\n<strong>C&rsquo;est pour cela que le soutien de chacun est n\u00e9cessaire, et ce petit bout de papier rappellera qu&rsquo;au moins tous les habitants, les riverains de cet axe y tiennent et refusent de la voir dispara\u00eetre. Le train ici c&rsquo;est encore l&rsquo;avenir, m\u00eame \u00e0 30, m\u00eame \u00e0 40, m\u00eame \u00e0 60 kms heure.<\/strong><br \/>\n&nbsp;<br \/>\nPrenez le train, c&rsquo;est encore plus avantageux actuellement, la r\u00e9gion Occitanie qui g\u00e8re le train de la mi-journ\u00e9e, ex Intercit\u00e9s vous propose des billets N\u00eemes Clermont \u00e0&#8230; 1 euro. Oui 1 euro. Vous n&rsquo;avez aucune excuse. Billet disponible sur le site de r\u00e9servation <a href=\"https:\/\/oui.sncf\">oui.sncf<\/a><br \/>\n&nbsp;<br \/>\nRevenons aux festivit\u00e9s de 2020, la programmation se met doucement en place et sera arr\u00eat\u00e9e \u00e0 la fin du premier trimestre 2019. Nous essayons de mettre en place de belles choses dans toutes les gares du parcours de montagne, Diverses manifestations pour tous les publics, petits et grands. Soyez attentifs.<br \/>\n&nbsp;<br \/>\nNous aimerions festoyer autour d&rsquo;une ligne encore en place et active, et non pas que ce que nous pr\u00e9parons fasse office d&rsquo;enterrement.<\/p>\n","protected":false},"excerpt":{"rendered":"<p>C&rsquo;est l&rsquo;association qui pr\u00e9pare le 150\u00e8me anniversaire de la ligne mythique qui va vous le d\u00e9livrer en \u00e9change<\/p>\n","protected":false},"author":1,"featured_media":2556,"comment_status":"open","ping_status":"open","sticky":false,"template":"","format":"standard","meta":{"footnotes":""},"categories":[8],"tags":[],"class_list":["post-546","post","type-post","status-publish","format-standard","has-post-thumbnail","hentry","category-communiques"],"_links":{"self":[{"href":"https:\/\/usagers-transports.haut-allier.eu\/index.php\/wp-json\/wp\/v2\/posts\/546","targetHints":{"allow":["GET"]}}],"collection":[{"href":"https:\/\/usagers-transports.haut-allier.eu\/index.php\/wp-json\/wp\/v2\/posts"}],"about":[{"href":"https:\/\/usagers-transports.haut-allier.eu\/index.php\/wp-json\/wp\/v2\/types\/post"}],"author":[{"embeddable":true,"href":"https:\/\/usagers-transports.haut-allier.eu\/index.php\/wp-json\/wp\/v2\/users\/1"}],"replies":[{"embeddable":true,"href":"https:\/\/usagers-transports.haut-allier.eu\/index.php\/wp-json\/wp\/v2\/comments?post=546"}],"version-history":[{"count":0,"href":"https:\/\/usagers-transports.haut-allier.eu\/index.php\/wp-json\/wp\/v2\/posts\/546\/revisions"}],"wp:featuredmedia":[{"embeddable":true,"href":"https:\/\/usagers-transports.haut-allier.eu\/index.php\/wp-json\/wp\/v2\/media\/2556"}],"wp:attachment":[{"href":"https:\/\/usagers-transports.haut-allier.eu\/index.php\/wp-json\/wp\/v2\/media?parent=546"}],"wp:term":[{"taxonomy":"category","embeddable":true,"href":"https:\/\/usagers-transports.haut-allier.eu\/index.php\/wp-json\/wp\/v2\/categories?post=546"},{"taxonomy":"post_tag","embeddable":true,"href":"https:\/\/usagers-transports.haut-allier.eu\/index.php\/wp-json\/wp\/v2\/tags?post=546"}],"curies":[{"name":"wp","href":"https:\/\/api.w.org\/{rel}","templated":true}]}}