{"id":547,"date":"2018-12-26T19:46:32","date_gmt":"2018-12-26T18:46:32","guid":{"rendered":"http:\/\/5.45.101.177\/haut-allier\/usagers-transportse\/index.php\/2018\/12\/26\/train-cevenol-dans-les-gorges547\/"},"modified":"2018-12-26T19:46:32","modified_gmt":"2018-12-26T18:46:32","slug":"train-cevenol-dans-les-gorges547","status":"publish","type":"post","link":"https:\/\/usagers-transports.haut-allier.eu\/index.php\/2018\/12\/26\/train-cevenol-dans-les-gorges547\/","title":{"rendered":"Train C\u00e9venol dans les gorges sauvages de l&rsquo;Allier : Le ch\u00e2teau de Jonch\u00e8res, l&rsquo;ancienne gare, le pont Eiffel et le viaduc du Mazel"},"content":{"rendered":"<p>Voici les ruines du ch\u00e2teau de Jonch\u00e8res, ses lamas d\u00e9broussailleurs, son pont Eiffel sur l&rsquo;Allier, et au loin le viaduc du Mazel de la ligne du train C\u00e9venol, l&rsquo;axe strat\u00e9gique entre Paris et Marseille via Clermont-Ferrand et N\u00eemes.<\/p>\n<p>Film captur\u00e9 le 24 d\u00e9cembre 2018.<\/p>\n<p><iframe loading=\"lazy\" width=\"560\" height=\"315\" src=\"https:\/\/www.youtube.com\/embed\/HI9vw8_3RS0\" frameborder=\"0\" allow=\"accelerometer; autoplay; encrypted-media; gyroscope; picture-in-picture\" allowfullscreen><\/iframe><\/p>\n","protected":false},"excerpt":{"rendered":"<p>Voici les ruines du ch\u00e2teau de Jonch\u00e8res, ses lamas d\u00e9broussailleurs, son pont Eiffel sur l&rsquo;Allier, et au loin<\/p>\n","protected":false},"author":1,"featured_media":2558,"comment_status":"open","ping_status":"open","sticky":false,"template":"","format":"standard","meta":{"footnotes":""},"categories":[3],"tags":[],"class_list":["post-547","post","type-post","status-publish","format-standard","has-post-thumbnail","hentry","category-en-train"],"_links":{"self":[{"href":"https:\/\/usagers-transports.haut-allier.eu\/index.php\/wp-json\/wp\/v2\/posts\/547","targetHints":{"allow":["GET"]}}],"collection":[{"href":"https:\/\/usagers-transports.haut-allier.eu\/index.php\/wp-json\/wp\/v2\/posts"}],"about":[{"href":"https:\/\/usagers-transports.haut-allier.eu\/index.php\/wp-json\/wp\/v2\/types\/post"}],"author":[{"embeddable":true,"href":"https:\/\/usagers-transports.haut-allier.eu\/index.php\/wp-json\/wp\/v2\/users\/1"}],"replies":[{"embeddable":true,"href":"https:\/\/usagers-transports.haut-allier.eu\/index.php\/wp-json\/wp\/v2\/comments?post=547"}],"version-history":[{"count":0,"href":"https:\/\/usagers-transports.haut-allier.eu\/index.php\/wp-json\/wp\/v2\/posts\/547\/revisions"}],"wp:featuredmedia":[{"embeddable":true,"href":"https:\/\/usagers-transports.haut-allier.eu\/index.php\/wp-json\/wp\/v2\/media\/2558"}],"wp:attachment":[{"href":"https:\/\/usagers-transports.haut-allier.eu\/index.php\/wp-json\/wp\/v2\/media?parent=547"}],"wp:term":[{"taxonomy":"category","embeddable":true,"href":"https:\/\/usagers-transports.haut-allier.eu\/index.php\/wp-json\/wp\/v2\/categories?post=547"},{"taxonomy":"post_tag","embeddable":true,"href":"https:\/\/usagers-transports.haut-allier.eu\/index.php\/wp-json\/wp\/v2\/tags?post=547"}],"curies":[{"name":"wp","href":"https:\/\/api.w.org\/{rel}","templated":true}]}}