{"id":548,"date":"2018-12-31T08:50:36","date_gmt":"2018-12-31T07:50:36","guid":{"rendered":"http:\/\/5.45.101.177\/haut-allier\/usagers-transportse\/index.php\/2018\/12\/31\/que-2019-voit-les-deplacements548\/"},"modified":"2018-12-31T08:50:36","modified_gmt":"2018-12-31T07:50:36","slug":"que-2019-voit-les-deplacements548","status":"publish","type":"post","link":"https:\/\/usagers-transports.haut-allier.eu\/index.php\/2018\/12\/31\/que-2019-voit-les-deplacements548\/","title":{"rendered":"Que 2019 voit les d\u00e9placements doux confort\u00e9s m\u00eame en zone montagne !"},"content":{"rendered":"<p>Et donc \u00e9videmment les axes ferroviaires de notre massif central.<\/p>\n<p>Tous nos voeux pour l&rsquo;an qui vient et merci de votre fid\u00e9lit\u00e9 :<\/p>\n<p>Vous \u00eates maintenant pr\u00e8s d&rsquo;un millier \u00e0 venir consulter notre site chaque jour, un succ\u00e8s exponentiel ces derniers mois.<\/p>\n<p><img loading=\"lazy\" decoding=\"async\" class=\" aligncenter size-full wp-image-2560\" src=\"http:\/\/5.45.101.177\/haut-allier\/usagers-transportse\/wp-content\/uploads\/2018\/12\/cartevoeux2019-coll-usagers.jpg\" alt=\"cartevoeux2019-coll-usagers.jpg\" align=\"center\" width=\"891\" height=\"2548\" srcset=\"https:\/\/usagers-transports.haut-allier.eu\/wp-content\/uploads\/2018\/12\/cartevoeux2019-coll-usagers.jpg 891w, https:\/\/usagers-transports.haut-allier.eu\/wp-content\/uploads\/2018\/12\/cartevoeux2019-coll-usagers-105x300.jpg 105w, https:\/\/usagers-transports.haut-allier.eu\/wp-content\/uploads\/2018\/12\/cartevoeux2019-coll-usagers-358x1024.jpg 358w, https:\/\/usagers-transports.haut-allier.eu\/wp-content\/uploads\/2018\/12\/cartevoeux2019-coll-usagers-768x2196.jpg 768w, https:\/\/usagers-transports.haut-allier.eu\/wp-content\/uploads\/2018\/12\/cartevoeux2019-coll-usagers-537x1536.jpg 537w, https:\/\/usagers-transports.haut-allier.eu\/wp-content\/uploads\/2018\/12\/cartevoeux2019-coll-usagers-716x2048.jpg 716w\" sizes=\"auto, (max-width: 891px) 100vw, 891px\" \/><\/p>\n","protected":false},"excerpt":{"rendered":"<p>Et donc \u00e9videmment les axes ferroviaires de notre massif central. Tous nos voeux pour l&rsquo;an qui vient et<\/p>\n","protected":false},"author":1,"featured_media":2559,"comment_status":"open","ping_status":"open","sticky":false,"template":"","format":"standard","meta":{"footnotes":""},"categories":[8],"tags":[],"class_list":["post-548","post","type-post","status-publish","format-standard","has-post-thumbnail","hentry","category-communiques"],"_links":{"self":[{"href":"https:\/\/usagers-transports.haut-allier.eu\/index.php\/wp-json\/wp\/v2\/posts\/548","targetHints":{"allow":["GET"]}}],"collection":[{"href":"https:\/\/usagers-transports.haut-allier.eu\/index.php\/wp-json\/wp\/v2\/posts"}],"about":[{"href":"https:\/\/usagers-transports.haut-allier.eu\/index.php\/wp-json\/wp\/v2\/types\/post"}],"author":[{"embeddable":true,"href":"https:\/\/usagers-transports.haut-allier.eu\/index.php\/wp-json\/wp\/v2\/users\/1"}],"replies":[{"embeddable":true,"href":"https:\/\/usagers-transports.haut-allier.eu\/index.php\/wp-json\/wp\/v2\/comments?post=548"}],"version-history":[{"count":0,"href":"https:\/\/usagers-transports.haut-allier.eu\/index.php\/wp-json\/wp\/v2\/posts\/548\/revisions"}],"wp:featuredmedia":[{"embeddable":true,"href":"https:\/\/usagers-transports.haut-allier.eu\/index.php\/wp-json\/wp\/v2\/media\/2559"}],"wp:attachment":[{"href":"https:\/\/usagers-transports.haut-allier.eu\/index.php\/wp-json\/wp\/v2\/media?parent=548"}],"wp:term":[{"taxonomy":"category","embeddable":true,"href":"https:\/\/usagers-transports.haut-allier.eu\/index.php\/wp-json\/wp\/v2\/categories?post=548"},{"taxonomy":"post_tag","embeddable":true,"href":"https:\/\/usagers-transports.haut-allier.eu\/index.php\/wp-json\/wp\/v2\/tags?post=548"}],"curies":[{"name":"wp","href":"https:\/\/api.w.org\/{rel}","templated":true}]}}