{"id":549,"date":"2019-01-08T09:35:38","date_gmt":"2019-01-08T08:35:38","guid":{"rendered":"http:\/\/5.45.101.177\/haut-allier\/usagers-transportse\/index.php\/2019\/01\/08\/dans-la-moitie-sud-de-la-france-l549\/"},"modified":"2019-01-08T09:35:38","modified_gmt":"2019-01-08T08:35:38","slug":"dans-la-moitie-sud-de-la-france-l549","status":"publish","type":"post","link":"https:\/\/usagers-transports.haut-allier.eu\/index.php\/2019\/01\/08\/dans-la-moitie-sud-de-la-france-l549\/","title":{"rendered":"Dans la moiti\u00e9 sud de la France l&rsquo;avion comble les lacunes d&rsquo;une SNCF qui rechigne \u00e0 maintenir le r\u00e9seau historique"},"content":{"rendered":"<p>Et qui a supprim\u00e9 ses trains de nuit. Int\u00e9ressant article d&rsquo;abord sur l&rsquo;int\u00e9r\u00eat des trains de nuit que l&rsquo;entreprise dite ferroviaire a \u00e9limin\u00e9 presque compl\u00e8tement, mais aussi sur une carte \u00e9labor\u00e9e par l&rsquo;auteur <em>Sam Boisbineuf-Parrigton<\/em> qui met en \u00e9vidence les manquements de la SNCF dans la moiti\u00e9 sud du pays avec son refus d&rsquo;y investir notamment pour les liaisons inter capitales r\u00e9gionales. Nous reproduisons ici sa carte.<br \/>\n&nbsp;<br \/>\n<img loading=\"lazy\" decoding=\"async\" class=\" aligncenter size-full wp-image-2562\" src=\"http:\/\/5.45.101.177\/haut-allier\/usagers-transportse\/wp-content\/uploads\/2019\/01\/1_xzbffyr7jlwsigckbmwvgw.png\" alt=\"1_xzbffyr7jlwsigckbmwvgw.png\" align=\"center\" width=\"1580\" height=\"1550\" srcset=\"https:\/\/usagers-transports.haut-allier.eu\/wp-content\/uploads\/2019\/01\/1_xzbffyr7jlwsigckbmwvgw.png 1580w, https:\/\/usagers-transports.haut-allier.eu\/wp-content\/uploads\/2019\/01\/1_xzbffyr7jlwsigckbmwvgw-300x294.png 300w, https:\/\/usagers-transports.haut-allier.eu\/wp-content\/uploads\/2019\/01\/1_xzbffyr7jlwsigckbmwvgw-1024x1005.png 1024w, https:\/\/usagers-transports.haut-allier.eu\/wp-content\/uploads\/2019\/01\/1_xzbffyr7jlwsigckbmwvgw-768x753.png 768w, https:\/\/usagers-transports.haut-allier.eu\/wp-content\/uploads\/2019\/01\/1_xzbffyr7jlwsigckbmwvgw-1536x1507.png 1536w\" sizes=\"auto, (max-width: 1580px) 100vw, 1580px\" \/><br \/>\n&nbsp;<br \/>\n &nbsp;<br \/>\nElle montre les liaisons TGV en \u00e9toile vers Paris la capitale lumineuse (?) d&rsquo;un pays entier qui s&rsquo;essouffle, ainsi qu&rsquo;en rouge les liaisons a\u00e9riennes les plus fr\u00e9quent\u00e9es. Ya pas photo !<br \/>\n&nbsp;<br \/>\nLa conclusion de l&rsquo;auteur : <strong>\u00ab\u00a0C\u2019est simple, sans appel, aujourd\u2019hui l\u2019avion comble les lacunes d\u2019une organisation ferroviaire (donc politique) qui, dans son d\u00e9veloppement, a trouv\u00e9 bon d\u2019oublier de desservir les grandes aires urbaines ENTRE ELLES.\u00a0\u00bb<\/strong><br \/>\n&nbsp;<br \/>\nLa SNCF nous oblige, dit-il, \u00e0 prendre les transports polluants.<br \/>\n&nbsp;<br \/>\nBien s\u00fbr qu&rsquo;il faut r\u00e9tablir les trains de nuit, moins polluants, dont les trajets sont plus longs mais le voyageur est ravi d&rsquo;arriver \u00e0 la premi\u00e8re heure \u00e0 destination.<br \/>\n&nbsp;<br \/>\n<strong>Nous demandons ce jour par courrier \u00e0 Guillaume P\u00e9py et sa ministre Elisabeth Borne le r\u00e9tablissement du train de nuit N\u00eemes Clermont-Ferrand Paris supprim\u00e9 en 2003 qui a \u00e9t\u00e9 tr\u00e8s utile pour le d\u00e9senclavement des territoires.<\/strong><br \/>\n&nbsp;<br \/>\nArticle en tous cas bienvenu \u00e0 lire sur Medium.com :<br \/>\n&nbsp;<br \/>\n<a href=\"https:\/\/medium.com\/@samagace_\/le-train-de-nuit-nest-pas-mort-ou-pourquoi-le-ressusciter-f47a51b9057c\">Le train de nuit n\u2019est pas mort ou \u201cPourquoi le ressusciter ?\u201d.<\/a><br \/>\n&nbsp;<br \/>\nEn Autriche la OBB a relanc\u00e9 les trains de nuit et la question se pose actuellement en Europe : faut-il relancer les trains de nuit ? Nous r\u00e9pondons oui bien \u00e9videmment. Et en premier sur notre ligne du train C\u00e9venol. Les m\u00eames trajets en avion ont trois fois plus d\u2019impact sur le climat. Les voyageurs pr\u00e9f\u00e9reront le train si on leur laisse le choix.<br \/>\n&nbsp;<br \/>\nLire sur le site de la RTBF : <a href=\"https:\/\/www.rtbf.be\/info\/societe\/detail_le-train-de-nuit-fait-il-son-grand-retour-en-europe?id=10086371&#038;utm_source=rtbfinfo&#038;utm_campaign=social_share&#038;utm_medium=twitter_share\">Le train de nuit fait-il son grand retour en Europe?<\/a><br \/>\n&nbsp;<br \/>\n&nbsp;<br \/>\n<em>Le logo repr\u00e9sente un des espaces couchettes tels qu&rsquo;ils vont \u00eatre livr\u00e9 en Autriche.<\/em><\/p>\n","protected":false},"excerpt":{"rendered":"<p>Et qui a supprim\u00e9 ses trains de nuit. Int\u00e9ressant article d&rsquo;abord sur l&rsquo;int\u00e9r\u00eat des trains de nuit que<\/p>\n","protected":false},"author":1,"featured_media":2561,"comment_status":"open","ping_status":"open","sticky":false,"template":"","format":"standard","meta":{"footnotes":""},"categories":[3],"tags":[],"class_list":["post-549","post","type-post","status-publish","format-standard","has-post-thumbnail","hentry","category-en-train"],"_links":{"self":[{"href":"https:\/\/usagers-transports.haut-allier.eu\/index.php\/wp-json\/wp\/v2\/posts\/549","targetHints":{"allow":["GET"]}}],"collection":[{"href":"https:\/\/usagers-transports.haut-allier.eu\/index.php\/wp-json\/wp\/v2\/posts"}],"about":[{"href":"https:\/\/usagers-transports.haut-allier.eu\/index.php\/wp-json\/wp\/v2\/types\/post"}],"author":[{"embeddable":true,"href":"https:\/\/usagers-transports.haut-allier.eu\/index.php\/wp-json\/wp\/v2\/users\/1"}],"replies":[{"embeddable":true,"href":"https:\/\/usagers-transports.haut-allier.eu\/index.php\/wp-json\/wp\/v2\/comments?post=549"}],"version-history":[{"count":0,"href":"https:\/\/usagers-transports.haut-allier.eu\/index.php\/wp-json\/wp\/v2\/posts\/549\/revisions"}],"wp:featuredmedia":[{"embeddable":true,"href":"https:\/\/usagers-transports.haut-allier.eu\/index.php\/wp-json\/wp\/v2\/media\/2561"}],"wp:attachment":[{"href":"https:\/\/usagers-transports.haut-allier.eu\/index.php\/wp-json\/wp\/v2\/media?parent=549"}],"wp:term":[{"taxonomy":"category","embeddable":true,"href":"https:\/\/usagers-transports.haut-allier.eu\/index.php\/wp-json\/wp\/v2\/categories?post=549"},{"taxonomy":"post_tag","embeddable":true,"href":"https:\/\/usagers-transports.haut-allier.eu\/index.php\/wp-json\/wp\/v2\/tags?post=549"}],"curies":[{"name":"wp","href":"https:\/\/api.w.org\/{rel}","templated":true}]}}