{"id":55,"date":"2013-05-15T07:45:00","date_gmt":"2013-05-15T05:45:00","guid":{"rendered":"http:\/\/5.45.101.177\/haut-allier\/usagers-transportse\/index.php\/2013\/05\/15\/petition-la-portion-de-ligne-st055\/"},"modified":"2013-05-15T07:45:00","modified_gmt":"2013-05-15T05:45:00","slug":"petition-la-portion-de-ligne-st055","status":"publish","type":"post","link":"https:\/\/usagers-transports.haut-allier.eu\/index.php\/2013\/05\/15\/petition-la-portion-de-ligne-st055\/","title":{"rendered":"P\u00e9tition : la portion de ligne St Georges d&rsquo;Aurac &#8211; Langeac &#8211; Langogne &#8211; Labastide abandonn\u00e9e !"},"content":{"rendered":"<p><strong>EXIGEONS DE LA SNCF ET DES R\u00c9GIONS L&rsquo;ARR\u00caT DES DESSERTES PARTIELLES EN BUS ST GEORGES D&rsquo;AURAC VERS LANGEAC PUIS LABASTIDE VERS LANGOGNE ET LA CR\u00c9ATION D&rsquo;UN VRAI TRAIN NAVETTE DANS LA VALL\u00c9E DU HAUT-ALLIER TOUTE L&rsquo;ANN\u00c9E !<\/strong><\/p>\n<p><strong>Cette p\u00e9tition est d\u00e9sormais regroup\u00e9e dans une <a href=\"http:\/\/usagers-transports.haut-allier.eu\/spip.php?article58\">p\u00e9tition g\u00e9n\u00e9rale<\/a>.<\/strong><\/p>\n","protected":false},"excerpt":{"rendered":"<p>EXIGEONS DE LA SNCF ET DES R\u00c9GIONS L&rsquo;ARR\u00caT DES DESSERTES PARTIELLES EN BUS ST GEORGES D&rsquo;AURAC VERS LANGEAC<\/p>\n","protected":false},"author":1,"featured_media":0,"comment_status":"closed","ping_status":"open","sticky":false,"template":"","format":"standard","meta":{"footnotes":""},"categories":[2],"tags":[],"class_list":["post-55","post","type-post","status-publish","format-standard","hentry","category-infos"],"_links":{"self":[{"href":"https:\/\/usagers-transports.haut-allier.eu\/index.php\/wp-json\/wp\/v2\/posts\/55","targetHints":{"allow":["GET"]}}],"collection":[{"href":"https:\/\/usagers-transports.haut-allier.eu\/index.php\/wp-json\/wp\/v2\/posts"}],"about":[{"href":"https:\/\/usagers-transports.haut-allier.eu\/index.php\/wp-json\/wp\/v2\/types\/post"}],"author":[{"embeddable":true,"href":"https:\/\/usagers-transports.haut-allier.eu\/index.php\/wp-json\/wp\/v2\/users\/1"}],"replies":[{"embeddable":true,"href":"https:\/\/usagers-transports.haut-allier.eu\/index.php\/wp-json\/wp\/v2\/comments?post=55"}],"version-history":[{"count":0,"href":"https:\/\/usagers-transports.haut-allier.eu\/index.php\/wp-json\/wp\/v2\/posts\/55\/revisions"}],"wp:attachment":[{"href":"https:\/\/usagers-transports.haut-allier.eu\/index.php\/wp-json\/wp\/v2\/media?parent=55"}],"wp:term":[{"taxonomy":"category","embeddable":true,"href":"https:\/\/usagers-transports.haut-allier.eu\/index.php\/wp-json\/wp\/v2\/categories?post=55"},{"taxonomy":"post_tag","embeddable":true,"href":"https:\/\/usagers-transports.haut-allier.eu\/index.php\/wp-json\/wp\/v2\/tags?post=55"}],"curies":[{"name":"wp","href":"https:\/\/api.w.org\/{rel}","templated":true}]}}