{"id":550,"date":"2019-01-08T12:03:55","date_gmt":"2019-01-08T11:03:55","guid":{"rendered":"http:\/\/5.45.101.177\/haut-allier\/usagers-transportse\/index.php\/2019\/01\/08\/les-bonnes-nouvelles-du-collectif550\/"},"modified":"2019-01-08T12:03:55","modified_gmt":"2019-01-08T11:03:55","slug":"les-bonnes-nouvelles-du-collectif550","status":"publish","type":"post","link":"https:\/\/usagers-transports.haut-allier.eu\/index.php\/2019\/01\/08\/les-bonnes-nouvelles-du-collectif550\/","title":{"rendered":"Les bonnes nouvelles du Collectif citoyen de d\u00e9fense de la gare de Villefort"},"content":{"rendered":"<p><em>Laissons parler Alexandre Bel son porte-parole, nous avons surlign\u00e9 les passages qui nous semblent concerner la ligne entre C\u00e9vennes et Gorges Sauvages de l&rsquo;Allier :<\/em><br \/>\n&nbsp;<br \/>\nL&rsquo;actualit\u00e9 du Collectif en 2019 sera anim\u00e9e d&rsquo;une surveillance accrue sur la gare de Villefort qui reste un sujet majeur de d\u00e9fense citoyenne.<br \/>\n&nbsp;<br \/>\nRappelons que c&rsquo;est l&rsquo;ann\u00e9e en d\u00e9part en retraite de nos deux chefs de gare, il faut donc veiller au grain !<br \/>\n&nbsp;<br \/>\nNous avons demand\u00e9, \u00e0 ce propos, une modification des horaires d&rsquo;ouverture du guichet lors de la r\u00e9union \u00e0 Montpellier pour que ces derniers soient plus en ad\u00e9quation avec les habitudes locales. Nous verrons donc si SNCF Mobilit\u00e9s accepte l&rsquo;ouverture de 8 h \u00e0 12 h plut\u00f4t que l&rsquo;ouverture \u00e0 6 heures et ne manquerons pas de vous tenir au courant.<br \/>\n&nbsp;<br \/>\n<strong>LIO c&rsquo;est donc le nouveau transport en Occitanie instaur\u00e9 depuis la nouvelle R\u00e9gion.<\/strong><br \/>\n&nbsp;<br \/>\nLes cartes de r\u00e9duction notamment finissent toutes en \u00ab\u00a0-io\u00a0\u00bb comme libertio&#8230;<br \/>\n&nbsp;<br \/>\nLa R\u00e9gion pousse en faveur du d\u00e9veloppement du transport en commun avec la g\u00e9n\u00e9ralisation des petits prix sur les TER : 1, 3, 5 euros&#8230;la mise en place du tarif \u00e0 1 euro sur la ligne St Ch\u00e9ly\/ B\u00e9ziers \u00e0 l&rsquo;ann\u00e9e et pour tout le monde.<br \/>\n&nbsp;<br \/>\n<strong>Pour notre ligne des C\u00e9vennes, il est d\u00e9sormais possible d&rsquo;obtenir les 3 trajets quotidiens entre Villefort et Clermont Ferrand \u00e0 un euro. Et du coup d&rsquo;obtenir un trajet Villefort\/ Paris \u00e0 16 euros car le dernier Intercit\u00e9s de la journ\u00e9e, celui de 19h28 \u00e0 Clermont (en s&rsquo;y prenant en avance) est \u00e0 15 euros la plupart du temps.<\/strong><br \/>\n&nbsp;<br \/>\nDepuis le 1er janvier de cette ann\u00e9e on peut souligner la mise en place de relations tr\u00e8s int\u00e9ressantes  pour la Loz\u00e8re avec des bus \u00e0 2 euros le trajet .En effet on dispose d&rsquo;un service compl\u00e9mentaire au train avec des relations Est\/ Ouest qui n&rsquo;existaient  pas.<br \/>\n&nbsp;<br \/>\n<strong>D\u00e9sormais il est possible de rejoindre Toulouse par Mende et Rodez depuis Villefort pour 4 euros! avec un temps de parcours raisonnable.<\/strong><br \/>\n&nbsp;<br \/>\nC&rsquo;est une exclusivit\u00e9 Occitanie vraiment int\u00e9ressante car elle soutient le d\u00e9veloppement du transport en commun tout en respectant le budget des usagers.<br \/>\n&nbsp;<br \/>\nIl y a donc 2 trajets Mende \/ Millau suppl\u00e9mentaires \u00e0 celui d\u00e9j\u00e0 existant en train.<br \/>\n&nbsp;<br \/>\nEt surtout 2 allers \/ retours en semaine pour faire Mende\/ Rodez qui permet de relier assez efficacement les deux ex-r\u00e9gions! Et pour certains possibles de faire depuis Villefort. Par exemple le dimanche vous pouvez prendre le TER pour Mende \u00e0 13h52 puis avec une correspondance en gare de Mende prendre le bus direction Rodez \u00e0 16h30, \u00e0 Rodez la correspondance \u00e9tant assur\u00e9e par TER \u00e0 18h45 le tout je le r\u00e9p\u00e8te pour 4 euros en ayant les billets \u00e0 1 ou 2 euros.<br \/>\n&nbsp;<br \/>\nCette nouvelle relation permet \u00e0 la fois de conforter le TER de Mende et d&rsquo;assurer  une relation transversale puisque de toute mani\u00e8re la ligne ferroviaire Rodez \/ S\u00e9verac est ferm\u00e9e ! La R\u00e9gion privil\u00e9gie de toutes les mani\u00e8res le train puisque le train co\u00fbte un euro et le bus deux euros.<br \/>\n&nbsp;<br \/>\n<strong>Ce bus enfin permet aussi d&rsquo;assurer une possibilit\u00e9 de trajet depuis la Loz\u00e8re en direction de Paris par le seul et dernier survivant des trains de nuit en gare de Rodez et ainsi optimiser le trajet et arriver \u00e0 la Capitale le matin venu. Il est possible de le faire \u00e0 l&rsquo;aller comme au retour depuis notre cit\u00e9 c\u00e9venole.<\/strong><br \/>\n&nbsp;<br \/>\nJe vous invite \u00e0 en parler et \u00e0 partager ces informations avec vos proches car la R\u00e9gion nous offre enfin une vraie panoplie de possibilit\u00e9s de d\u00e9placements pour enfin! laisser la voiture au garage.<br \/>\n&nbsp;<br \/>\n<a href=\"http:\/\/www.rubanbleu-autocars.com\/files\/lignes-regionales\/2019\/mende-rodez.pdf\">Lien pour les horaires Mende\/Rodez<\/a><br \/>\n&nbsp;<br \/>\net <a href=\"https:\/\/cdn.ter.sncf.com\/medias\/PDF\/occitanie\/FH30%20MENDE%20MONTPELLIER_V2_tcm76-209317_tcm76-210241.pdf\">pour Millau<\/a><br \/>\n&nbsp;<br \/>\n<em>Rien \u00e0 ajouter, merci Alexandre.<\/em><\/p>\n","protected":false},"excerpt":{"rendered":"<p>Laissons parler Alexandre Bel son porte-parole, nous avons surlign\u00e9 les passages qui nous semblent concerner la ligne entre<\/p>\n","protected":false},"author":1,"featured_media":2563,"comment_status":"open","ping_status":"open","sticky":false,"template":"","format":"standard","meta":{"footnotes":""},"categories":[2],"tags":[],"class_list":["post-550","post","type-post","status-publish","format-standard","has-post-thumbnail","hentry","category-infos"],"_links":{"self":[{"href":"https:\/\/usagers-transports.haut-allier.eu\/index.php\/wp-json\/wp\/v2\/posts\/550","targetHints":{"allow":["GET"]}}],"collection":[{"href":"https:\/\/usagers-transports.haut-allier.eu\/index.php\/wp-json\/wp\/v2\/posts"}],"about":[{"href":"https:\/\/usagers-transports.haut-allier.eu\/index.php\/wp-json\/wp\/v2\/types\/post"}],"author":[{"embeddable":true,"href":"https:\/\/usagers-transports.haut-allier.eu\/index.php\/wp-json\/wp\/v2\/users\/1"}],"replies":[{"embeddable":true,"href":"https:\/\/usagers-transports.haut-allier.eu\/index.php\/wp-json\/wp\/v2\/comments?post=550"}],"version-history":[{"count":0,"href":"https:\/\/usagers-transports.haut-allier.eu\/index.php\/wp-json\/wp\/v2\/posts\/550\/revisions"}],"wp:featuredmedia":[{"embeddable":true,"href":"https:\/\/usagers-transports.haut-allier.eu\/index.php\/wp-json\/wp\/v2\/media\/2563"}],"wp:attachment":[{"href":"https:\/\/usagers-transports.haut-allier.eu\/index.php\/wp-json\/wp\/v2\/media?parent=550"}],"wp:term":[{"taxonomy":"category","embeddable":true,"href":"https:\/\/usagers-transports.haut-allier.eu\/index.php\/wp-json\/wp\/v2\/categories?post=550"},{"taxonomy":"post_tag","embeddable":true,"href":"https:\/\/usagers-transports.haut-allier.eu\/index.php\/wp-json\/wp\/v2\/tags?post=550"}],"curies":[{"name":"wp","href":"https:\/\/api.w.org\/{rel}","templated":true}]}}