{"id":551,"date":"2019-01-10T18:48:38","date_gmt":"2019-01-10T17:48:38","guid":{"rendered":"http:\/\/5.45.101.177\/haut-allier\/usagers-transportse\/index.php\/2019\/01\/10\/les-usagers-de-la-ligne-du-train551\/"},"modified":"2019-01-10T18:48:38","modified_gmt":"2019-01-10T17:48:38","slug":"les-usagers-de-la-ligne-du-train551","status":"publish","type":"post","link":"https:\/\/usagers-transports.haut-allier.eu\/index.php\/2019\/01\/10\/les-usagers-de-la-ligne-du-train551\/","title":{"rendered":"Les usagers de la ligne du train C\u00e9venol demandent le retour du train de nuit N\u00eemes Clermont Paris !"},"content":{"rendered":"<p>La SNCF l&rsquo;a supprim\u00e9 en 2003. Il participait pourtant \u00e0 la r\u00e9putation de la ligne, m\u00eame de nuit. On l&rsquo;appelait \u00ab\u00a0le Parisien\u00a0\u00bb. Peu importe, la tendance en Europe actuellement est la remise sur les rails de ces trains tr\u00e8s pratiques, \u00e9conomiques, qui vous \u00e9vitent de payer une chambre d&rsquo;h\u00f4tel et qui vous font arriver \u00e0 destination au petit matin.<br \/>\n&nbsp;<br \/>\nTrois collectifs et associations de voyageurs viennent d&rsquo;\u00e9crire \u00e0 la ministre charg\u00e9e des transports Elisabeth Borne et au pr\u00e9sident du groupe SNCF Guillaume P\u00e9py pour leur demander son r\u00e9tablissement, avec arr\u00eats \u00e0 toutes les gares au sud de Clermont-Ferrand.<br \/>\n&nbsp;<br \/>\nLes signataires des deux lettres sont :<br \/>\n&nbsp;<br \/>\n&#8211; Le Collectif de D\u00e9fense de la Gare de Villefort,<br \/>\n&#8211; L\u2019Association de D\u00e9fense des Usagers SNCF du Gard et des D\u00e9partements limitrophes,<br \/>\n&#8211; Le Collectif des Usagers des Transports du Haut-Allier,<br \/>\n&nbsp;<br \/>\nC&rsquo;est \u00e0 dire trois groupes ind\u00e9pendants qui ne d\u00e9pendent pas de la SNCF, contrairement, faut-il le r\u00e9p\u00e9ter, aux associations adh\u00e9rentes \u00e0 la FNAUT que vous voyez r\u00e9agir le plus souvent dans les m\u00e9dias.<br \/>\n&nbsp;<br \/>\n<img loading=\"lazy\" decoding=\"async\" class=\" aligncenter size-full wp-image-2565\" src=\"http:\/\/5.45.101.177\/haut-allier\/usagers-transportse\/wp-content\/uploads\/2019\/01\/lettre-elisabeth-borne-8-janvier-2019.jpg\" alt=\"lettre-elisabeth-borne-8-janvier-2019.jpg\" align=\"center\" width=\"421\" height=\"596\" srcset=\"https:\/\/usagers-transports.haut-allier.eu\/wp-content\/uploads\/2019\/01\/lettre-elisabeth-borne-8-janvier-2019.jpg 421w, https:\/\/usagers-transports.haut-allier.eu\/wp-content\/uploads\/2019\/01\/lettre-elisabeth-borne-8-janvier-2019-212x300.jpg 212w\" sizes=\"auto, (max-width: 421px) 100vw, 421px\" \/><br \/>\n&nbsp;<br \/>\nOn pourra lire l&rsquo;excellent article de C\u00e9vennes Magazine paru lors de la disparition de ce train en octobre 2003 en cliquant sur les images ci-dessous.<br \/>\n&nbsp;<br \/>\n<a href=\"http:\/\/5.45.101.177\/haut-allier\/usagers-transportse\/wp-content\/uploads\/2019\/01\/art_supression-train-de-nuit_cevennes-magazine_04-10-2003.pdf\">art_supression-train-de-nuit_cevennes-magazine_04-10-2003.pdf<\/a><br \/>\n&nbsp;<br \/>\n&nbsp;<br \/>\nDans la presse :<br \/>\n&nbsp;<br \/>\n&#8211; Midi Libre du 12 janvier 2019 : <a href=\"https:\/\/www.midilibre.fr\/2019\/01\/12\/lozere-des-collectifs-reclament-le-retour-des-trains-de-nuit-sur-la-ligne-du-cevenol-nimes-clermont-paris,7942904.php\"><em>Loz\u00e8re : des collectifs r\u00e9clament le retour des trains de nuit sur la ligne du C\u00e9venol N\u00eemes-Clermont-Paris<\/em><\/a><br \/>\n&nbsp;<br \/>\n<img loading=\"lazy\" decoding=\"async\" class=\" aligncenter size-full wp-image-2567\" src=\"http:\/\/5.45.101.177\/haut-allier\/usagers-transportse\/wp-content\/uploads\/2019\/01\/firefox_screenshot_2019-01-12t11-01-20.946z.png\" alt=\"firefox_screenshot_2019-01-12t11-01-20.946z.png\" align=\"center\" width=\"899\" height=\"1666\" srcset=\"https:\/\/usagers-transports.haut-allier.eu\/wp-content\/uploads\/2019\/01\/firefox_screenshot_2019-01-12t11-01-20.946z.png 899w, https:\/\/usagers-transports.haut-allier.eu\/wp-content\/uploads\/2019\/01\/firefox_screenshot_2019-01-12t11-01-20.946z-162x300.png 162w, https:\/\/usagers-transports.haut-allier.eu\/wp-content\/uploads\/2019\/01\/firefox_screenshot_2019-01-12t11-01-20.946z-553x1024.png 553w, https:\/\/usagers-transports.haut-allier.eu\/wp-content\/uploads\/2019\/01\/firefox_screenshot_2019-01-12t11-01-20.946z-768x1423.png 768w, https:\/\/usagers-transports.haut-allier.eu\/wp-content\/uploads\/2019\/01\/firefox_screenshot_2019-01-12t11-01-20.946z-829x1536.png 829w\" sizes=\"auto, (max-width: 899px) 100vw, 899px\" \/><br \/>\n&nbsp;<br \/>\n&#8211; France Bleu Pays d&rsquo;Auvergne journal de 7 heures du 23 janvier 2019 :<br \/>\n&nbsp;<br \/>\n<iframe loading=\"lazy\" width=\"560\" height=\"315\" src=\"https:\/\/www.youtube.com\/embed\/UghvimA1HVk\" frameborder=\"0\" allow=\"accelerometer; autoplay; encrypted-media; gyroscope; picture-in-picture\" allowfullscreen><\/iframe><\/p>\n","protected":false},"excerpt":{"rendered":"<p>La SNCF l&rsquo;a supprim\u00e9 en 2003. Il participait pourtant \u00e0 la r\u00e9putation de la ligne, m\u00eame de nuit.<\/p>\n","protected":false},"author":1,"featured_media":2564,"comment_status":"open","ping_status":"open","sticky":false,"template":"","format":"standard","meta":{"footnotes":""},"categories":[8],"tags":[],"class_list":["post-551","post","type-post","status-publish","format-standard","has-post-thumbnail","hentry","category-communiques"],"_links":{"self":[{"href":"https:\/\/usagers-transports.haut-allier.eu\/index.php\/wp-json\/wp\/v2\/posts\/551","targetHints":{"allow":["GET"]}}],"collection":[{"href":"https:\/\/usagers-transports.haut-allier.eu\/index.php\/wp-json\/wp\/v2\/posts"}],"about":[{"href":"https:\/\/usagers-transports.haut-allier.eu\/index.php\/wp-json\/wp\/v2\/types\/post"}],"author":[{"embeddable":true,"href":"https:\/\/usagers-transports.haut-allier.eu\/index.php\/wp-json\/wp\/v2\/users\/1"}],"replies":[{"embeddable":true,"href":"https:\/\/usagers-transports.haut-allier.eu\/index.php\/wp-json\/wp\/v2\/comments?post=551"}],"version-history":[{"count":0,"href":"https:\/\/usagers-transports.haut-allier.eu\/index.php\/wp-json\/wp\/v2\/posts\/551\/revisions"}],"wp:featuredmedia":[{"embeddable":true,"href":"https:\/\/usagers-transports.haut-allier.eu\/index.php\/wp-json\/wp\/v2\/media\/2564"}],"wp:attachment":[{"href":"https:\/\/usagers-transports.haut-allier.eu\/index.php\/wp-json\/wp\/v2\/media?parent=551"}],"wp:term":[{"taxonomy":"category","embeddable":true,"href":"https:\/\/usagers-transports.haut-allier.eu\/index.php\/wp-json\/wp\/v2\/categories?post=551"},{"taxonomy":"post_tag","embeddable":true,"href":"https:\/\/usagers-transports.haut-allier.eu\/index.php\/wp-json\/wp\/v2\/tags?post=551"}],"curies":[{"name":"wp","href":"https:\/\/api.w.org\/{rel}","templated":true}]}}