{"id":553,"date":"2019-01-13T20:01:45","date_gmt":"2019-01-13T19:01:45","guid":{"rendered":"http:\/\/5.45.101.177\/haut-allier\/usagers-transportse\/index.php\/2019\/01\/13\/ce-qu-il-faut-savoir-pour553\/"},"modified":"2026-09-01T15:55:03","modified_gmt":"2026-09-01T13:55:03","slug":"ce-qu-il-faut-savoir-pour553","status":"publish","type":"post","link":"https:\/\/usagers-transports.haut-allier.eu\/index.php\/2019\/01\/13\/ce-qu-il-faut-savoir-pour553\/","title":{"rendered":"Ce qu&rsquo;il faut savoir pour b\u00e9n\u00e9ficier du train \u00e0 1 euro sur toute la ligne du train C\u00e9venol"},"content":{"rendered":"La r\u00e9gion Occitanie qui g\u00e8re de plus en plus, par abandon effectif d&rsquo;Auvergne Rh\u00f4ne Alpes, notre ligne des C\u00e9vennes, propose depuis peu son tarif EVASIO 1 EURO, sur pratiquement tous les trains de la liaison N\u00eemes Clermont. \n&nbsp;\n<strong>Mais attention quelques astuces doivent \u00eatre connues pour en b\u00e9n\u00e9ficier, notamment si on prend un billet d\u00e9part en Auvergne arriv\u00e9e en Auvergne, Puy de D\u00f4me ou Haute Loire. Pris tel que le billet co\u00fbtera le prix normal.<\/strong>\n&nbsp;\nEn utilisant le site <a href=\"https:\/\/oui.sncf\">Oui.sncf<\/a> qui est le site le plus utilis\u00e9, voici ce qu&rsquo;il faut faire :\n&nbsp;\n&#8211; En premier lieu on optimisera ses chances de tarif bas en pr\u00e9parant son voyage une semaine \u00e0 l&rsquo;avance, Mais ce n&rsquo;est pas obligatoire.\n&nbsp;\n&#8211; <strong>Dans le sens N\u00eemes Clermont-Ferrand<\/strong>\n&nbsp;\n<em>De la r\u00e9gion Occitanie \u00e0 la r\u00e9gion Occitanie<\/em>\n&nbsp;\nL\u00e0 pas de mauvaise surprise on b\u00e9n\u00e9ficiera des meilleures propositions. Exemple N\u00eemes Langogne pour le mardi 22 :\n&nbsp;\n<img loading=\"lazy\" decoding=\"async\" class=\" aligncenter size-full wp-image-2570\" src=\"http:\/\/5.45.101.177\/haut-allier\/usagers-transportse\/wp-content\/uploads\/2019\/01\/firefox_screenshot_2019-01-13t18-18-54.230z.png\" alt=\"firefox_screenshot_2019-01-13t18-18-54.230z.png\" align=\"center\" width=\"822\" height=\"416\" srcset=\"https:\/\/usagers-transports.haut-allier.eu\/wp-content\/uploads\/2019\/01\/firefox_screenshot_2019-01-13t18-18-54.230z.png 822w, https:\/\/usagers-transports.haut-allier.eu\/wp-content\/uploads\/2019\/01\/firefox_screenshot_2019-01-13t18-18-54.230z-300x152.png 300w, https:\/\/usagers-transports.haut-allier.eu\/wp-content\/uploads\/2019\/01\/firefox_screenshot_2019-01-13t18-18-54.230z-768x389.png 768w\" sizes=\"auto, (max-width: 822px) 100vw, 822px\" \/>\n&nbsp;\n<em>De la r\u00e9gion Occitanie \u00e0 la r\u00e9gion Auvergne&#8230;<\/em>\n&nbsp;\nPar exemple N\u00eemes Clermont-Ferrand pour le mardi 22 :\n&nbsp;\n<img loading=\"lazy\" decoding=\"async\" class=\" aligncenter size-full wp-image-2571\" src=\"http:\/\/5.45.101.177\/haut-allier\/usagers-transportse\/wp-content\/uploads\/2019\/01\/firefox_screenshot_2019-01-13t18-31-38.602z.png\" alt=\"firefox_screenshot_2019-01-13t18-31-38.602z.png\" align=\"center\" width=\"838\" height=\"405\" srcset=\"https:\/\/usagers-transports.haut-allier.eu\/wp-content\/uploads\/2019\/01\/firefox_screenshot_2019-01-13t18-31-38.602z.png 838w, https:\/\/usagers-transports.haut-allier.eu\/wp-content\/uploads\/2019\/01\/firefox_screenshot_2019-01-13t18-31-38.602z-300x145.png 300w, https:\/\/usagers-transports.haut-allier.eu\/wp-content\/uploads\/2019\/01\/firefox_screenshot_2019-01-13t18-31-38.602z-768x371.png 768w\" sizes=\"auto, (max-width: 838px) 100vw, 838px\" \/>\n&nbsp;\n<em>De la r\u00e9gion Auvergne&#8230; \u00e0 la r\u00e9gion Auvergne&#8230;<\/em>\n&nbsp;\nEssayons Alleyras Clermont-Ferrand pour le m\u00eame jour, mardi 22 janvier :\n&nbsp;\n<img loading=\"lazy\" decoding=\"async\" class=\" aligncenter size-full wp-image-2572\" src=\"http:\/\/5.45.101.177\/haut-allier\/usagers-transportse\/wp-content\/uploads\/2019\/01\/firefox_screenshot_2019-01-13t18-21-57.401z.png\" alt=\"firefox_screenshot_2019-01-13t18-21-57.401z.png\" align=\"center\" width=\"806\" height=\"392\" srcset=\"https:\/\/usagers-transports.haut-allier.eu\/wp-content\/uploads\/2019\/01\/firefox_screenshot_2019-01-13t18-21-57.401z.png 806w, https:\/\/usagers-transports.haut-allier.eu\/wp-content\/uploads\/2019\/01\/firefox_screenshot_2019-01-13t18-21-57.401z-300x146.png 300w, https:\/\/usagers-transports.haut-allier.eu\/wp-content\/uploads\/2019\/01\/firefox_screenshot_2019-01-13t18-21-57.401z-768x374.png 768w\" sizes=\"auto, (max-width: 806px) 100vw, 806px\" \/>\n&nbsp;\nOn voit ici de suite que le tarif \u00e0 un euro n&rsquo;est plus propos\u00e9. Normal nous sommes en AuRA de Monsieur Wauquiez.\n&nbsp;\nOn va donc acheter un billet Langogne Clermont-Ferrand en lieu et place :\n&nbsp;\n<img loading=\"lazy\" decoding=\"async\" class=\" aligncenter size-full wp-image-2573\" src=\"http:\/\/5.45.101.177\/haut-allier\/usagers-transportse\/wp-content\/uploads\/2019\/01\/firefox_screenshot_2019-01-13t18-24-51.399z.png\" alt=\"firefox_screenshot_2019-01-13t18-24-51.399z.png\" align=\"center\" width=\"859\" height=\"412\" srcset=\"https:\/\/usagers-transports.haut-allier.eu\/wp-content\/uploads\/2019\/01\/firefox_screenshot_2019-01-13t18-24-51.399z.png 859w, https:\/\/usagers-transports.haut-allier.eu\/wp-content\/uploads\/2019\/01\/firefox_screenshot_2019-01-13t18-24-51.399z-300x144.png 300w, https:\/\/usagers-transports.haut-allier.eu\/wp-content\/uploads\/2019\/01\/firefox_screenshot_2019-01-13t18-24-51.399z-768x368.png 768w\" sizes=\"auto, (max-width: 859px) 100vw, 859px\" \/>\n&nbsp;\nEt on retrouve notre tarif \u00e0 un euro. Merci la r\u00e9gion Occitanie. On ne se lassera pas de le r\u00e9p\u00e9ter.\n&nbsp;\n&nbsp;\n&#8211; <strong>Dans le sens Clermont-Ferrand N\u00eemes<\/strong>\n&nbsp;\n<em>De la r\u00e9gion Auvergne&#8230; \u00e0 la r\u00e9gion Auvergne&#8230;<\/em>\n&nbsp;\nExemple Clermont Alleyras toujours pour le mardi 22 :\n&nbsp;\n<img loading=\"lazy\" decoding=\"async\" class=\" aligncenter size-full wp-image-2574\" src=\"http:\/\/5.45.101.177\/haut-allier\/usagers-transportse\/wp-content\/uploads\/2019\/01\/firefox_screenshot_2019-01-13t18-35-33.218z.png\" alt=\"firefox_screenshot_2019-01-13t18-35-33.218z.png\" align=\"center\" width=\"838\" height=\"422\" srcset=\"https:\/\/usagers-transports.haut-allier.eu\/wp-content\/uploads\/2019\/01\/firefox_screenshot_2019-01-13t18-35-33.218z.png 838w, https:\/\/usagers-transports.haut-allier.eu\/wp-content\/uploads\/2019\/01\/firefox_screenshot_2019-01-13t18-35-33.218z-300x151.png 300w, https:\/\/usagers-transports.haut-allier.eu\/wp-content\/uploads\/2019\/01\/firefox_screenshot_2019-01-13t18-35-33.218z-768x387.png 768w\" sizes=\"auto, (max-width: 838px) 100vw, 838px\" \/>\n&nbsp;\nOn retrouve nos tarifs normaux. On va donc prendre un billet pour Langogne en Loz\u00e8re pour retrouver le tarif \u00e0 un euro :\n&nbsp;\n<img loading=\"lazy\" decoding=\"async\" class=\" aligncenter size-full wp-image-2575\" src=\"http:\/\/5.45.101.177\/haut-allier\/usagers-transportse\/wp-content\/uploads\/2019\/01\/firefox_screenshot_2019-01-13t18-37-42.954z.png\" alt=\"firefox_screenshot_2019-01-13t18-37-42.954z.png\" align=\"center\" width=\"814\" height=\"403\" srcset=\"https:\/\/usagers-transports.haut-allier.eu\/wp-content\/uploads\/2019\/01\/firefox_screenshot_2019-01-13t18-37-42.954z.png 814w, https:\/\/usagers-transports.haut-allier.eu\/wp-content\/uploads\/2019\/01\/firefox_screenshot_2019-01-13t18-37-42.954z-300x149.png 300w, https:\/\/usagers-transports.haut-allier.eu\/wp-content\/uploads\/2019\/01\/firefox_screenshot_2019-01-13t18-37-42.954z-768x380.png 768w\" sizes=\"auto, (max-width: 814px) 100vw, 814px\" \/>\n&nbsp;\n\n<em>De la r\u00e9gion Auvergne&#8230;\u00e0 la r\u00e9gion Occitanie<\/em>\n&nbsp;\nPar exemple pour aller plus loin, de Clermont \u00e0 N\u00eemes :\n&nbsp;\n<img loading=\"lazy\" decoding=\"async\" class=\" aligncenter size-full wp-image-2576\" src=\"http:\/\/5.45.101.177\/haut-allier\/usagers-transportse\/wp-content\/uploads\/2019\/01\/firefox_screenshot_2019-01-13t18-40-06.165z.png\" alt=\"firefox_screenshot_2019-01-13t18-40-06.165z.png\" align=\"center\" width=\"848\" height=\"516\" srcset=\"https:\/\/usagers-transports.haut-allier.eu\/wp-content\/uploads\/2019\/01\/firefox_screenshot_2019-01-13t18-40-06.165z.png 848w, https:\/\/usagers-transports.haut-allier.eu\/wp-content\/uploads\/2019\/01\/firefox_screenshot_2019-01-13t18-40-06.165z-300x183.png 300w, https:\/\/usagers-transports.haut-allier.eu\/wp-content\/uploads\/2019\/01\/firefox_screenshot_2019-01-13t18-40-06.165z-768x467.png 768w\" sizes=\"auto, (max-width: 848px) 100vw, 848px\" \/>\n&nbsp;\nOn n&rsquo;obtient que des trajets \u00e0 un euro partout. La SNCF ose proposer ses bus pourris \u00e0 plus cher, vive le train !\n&nbsp;\n<em>De la r\u00e9gion Occitanie \u00e0 la r\u00e9gion Occitanie<\/em>\n&nbsp;\nL\u00e0 aussi on comprendra ais\u00e9ment que pas de surprise&#8230;\n&nbsp;\n<img loading=\"lazy\" decoding=\"async\" class=\" aligncenter size-full wp-image-2577\" src=\"http:\/\/5.45.101.177\/haut-allier\/usagers-transportse\/wp-content\/uploads\/2019\/01\/firefox_screenshot_2019-01-13t18-42-30.682z.png\" alt=\"firefox_screenshot_2019-01-13t18-42-30.682z.png\" align=\"center\" width=\"816\" height=\"419\" srcset=\"https:\/\/usagers-transports.haut-allier.eu\/wp-content\/uploads\/2019\/01\/firefox_screenshot_2019-01-13t18-42-30.682z.png 816w, https:\/\/usagers-transports.haut-allier.eu\/wp-content\/uploads\/2019\/01\/firefox_screenshot_2019-01-13t18-42-30.682z-300x154.png 300w, https:\/\/usagers-transports.haut-allier.eu\/wp-content\/uploads\/2019\/01\/firefox_screenshot_2019-01-13t18-42-30.682z-768x394.png 768w\" sizes=\"auto, (max-width: 816px) 100vw, 816px\" \/>\n&nbsp;\n&#8230;Bingo sur les 3 trains de la journ\u00e9e.\n&nbsp;\nEvidemment si on veut faire un Clermont-Ferrand Arles on pourra prendre deux billets : un Clermont N\u00eemes \u00e0 1 euro et un N\u00eemes Arles \u00e0 6,60 euros. Un co\u00fbt total de 7,60 euros toujours tr\u00e8s avantageux. Pour un N\u00eemes Le Puy en Velay on passera par St Georges d&rsquo;Aurac ce qui nous donnera 1 + 8,10 = 9,10 euros. Qui dit mieux ? Un N\u00eemes Vichy ? 9,40 euros. Clermont Marseille ? 17,50 en Intercit\u00e9s \u00e0 partir de N\u00eemes. Etc.\n&nbsp;\n<strong>Vous n&rsquo;avez d\u00e9sormais plus aucune excuse pour ne pas b\u00e9n\u00e9ficier du confort du train. Faites conna\u00eetre ceci \u00e0 votre entourage et incitez autant que possible \u00e0 l&rsquo;utiliser. Merci ki ? Merci surtout \u00e0 une r\u00e9gion qui mise sur le train et qui s&rsquo;est donn\u00e9 tous les moyens pour mener \u00e0 bien ses objectifs, c&rsquo;est vrai avec constance depuis 3 ans.<\/strong><p>&nbsp;<\/p>\n\n\t<figure class=\"wp-block-gallery columns-2 is-cropped wp-block-gallery-1 is-layout-flex wp-block-gallery-is-layout-flex\">\n\t\t<ul class=\"blocks-gallery-grid\">\n\t\t\t<li class=\"blocks-gallery-item\">\n\t\t\t\t<figure>\n\t\t\t\t\t\t\t\t\t\t\t<img loading=\"lazy\" decoding=\"async\" width=\"830\" height=\"603\" src=\"http:\/\/5.45.101.177\/haut-allier\/usagers-transportse\/wp-content\/uploads\/2019\/01\/firefox_screenshot_2019-01-13t18-12-49.522z.png\"\n\t\t\t\t\t\t alt=\"firefox_screenshot_2019-01-13t18-12-49.522z.png\"\n\t\t\t\t\t\t data-id=\"2578\"\n\t\t\t\t\t\t data-full-url=\"http:\/\/5.45.101.177\/haut-allier\/usagers-transportse\/wp-content\/uploads\/2019\/01\/firefox_screenshot_2019-01-13t18-12-49.522z.png\"\n\t\t\t\t\t\t data-link=\"http:\/\/5.45.101.177\/haut-allier\/usagers-transportse\/attachment-firefox_screenshot_2019-01-13t18-12-49-522z-png\/\"\n\t\t\t\t\t\t class=\"wp-image-2578\" srcset=\"https:\/\/usagers-transports.haut-allier.eu\/wp-content\/uploads\/2019\/01\/firefox_screenshot_2019-01-13t18-12-49.522z.png 830w, https:\/\/usagers-transports.haut-allier.eu\/wp-content\/uploads\/2019\/01\/firefox_screenshot_2019-01-13t18-12-49.522z-300x218.png 300w, https:\/\/usagers-transports.haut-allier.eu\/wp-content\/uploads\/2019\/01\/firefox_screenshot_2019-01-13t18-12-49.522z-768x558.png 768w\" sizes=\"auto, (max-width: 830px) 100vw, 830px\" \/>\n\t\t\t\t<\/figure>\n\t\t\t<\/li>\n\t\t\t<li class=\"blocks-gallery-item\">\n\t\t\t\t<figure>\n\t\t\t\t\t\t\t\t\t\t\t<img loading=\"lazy\" decoding=\"async\" width=\"820\" height=\"399\" src=\"http:\/\/5.45.101.177\/haut-allier\/usagers-transportse\/wp-content\/uploads\/2019\/01\/firefox_screenshot_2019-01-13t18-16-35.597z.png\"\n\t\t\t\t\t\t alt=\"firefox_screenshot_2019-01-13t18-16-35.597z.png\"\n\t\t\t\t\t\t data-id=\"2579\"\n\t\t\t\t\t\t data-full-url=\"http:\/\/5.45.101.177\/haut-allier\/usagers-transportse\/wp-content\/uploads\/2019\/01\/firefox_screenshot_2019-01-13t18-16-35.597z.png\"\n\t\t\t\t\t\t data-link=\"http:\/\/5.45.101.177\/haut-allier\/usagers-transportse\/attachment-firefox_screenshot_2019-01-13t18-16-35-597z-png\/\"\n\t\t\t\t\t\t class=\"wp-image-2579\" srcset=\"https:\/\/usagers-transports.haut-allier.eu\/wp-content\/uploads\/2019\/01\/firefox_screenshot_2019-01-13t18-16-35.597z.png 820w, https:\/\/usagers-transports.haut-allier.eu\/wp-content\/uploads\/2019\/01\/firefox_screenshot_2019-01-13t18-16-35.597z-300x146.png 300w, https:\/\/usagers-transports.haut-allier.eu\/wp-content\/uploads\/2019\/01\/firefox_screenshot_2019-01-13t18-16-35.597z-768x374.png 768w\" sizes=\"auto, (max-width: 820px) 100vw, 820px\" \/>\n\t\t\t\t<\/figure>\n\t\t\t<\/li>\n\t\t<\/ul>\n\t<\/figure>\n","protected":false},"excerpt":{"rendered":"<p>La r\u00e9gion Occitanie qui g\u00e8re de plus en plus, par abandon effectif d&rsquo;Auvergne Rh\u00f4ne Alpes, notre ligne des<\/p>\n","protected":false},"author":1,"featured_media":2569,"comment_status":"open","ping_status":"open","sticky":false,"template":"","format":"standard","meta":{"footnotes":""},"categories":[3],"tags":[],"class_list":["post-553","post","type-post","status-publish","format-standard","has-post-thumbnail","hentry","category-en-train"],"_links":{"self":[{"href":"https:\/\/usagers-transports.haut-allier.eu\/index.php\/wp-json\/wp\/v2\/posts\/553","targetHints":{"allow":["GET"]}}],"collection":[{"href":"https:\/\/usagers-transports.haut-allier.eu\/index.php\/wp-json\/wp\/v2\/posts"}],"about":[{"href":"https:\/\/usagers-transports.haut-allier.eu\/index.php\/wp-json\/wp\/v2\/types\/post"}],"author":[{"embeddable":true,"href":"https:\/\/usagers-transports.haut-allier.eu\/index.php\/wp-json\/wp\/v2\/users\/1"}],"replies":[{"embeddable":true,"href":"https:\/\/usagers-transports.haut-allier.eu\/index.php\/wp-json\/wp\/v2\/comments?post=553"}],"version-history":[{"count":1,"href":"https:\/\/usagers-transports.haut-allier.eu\/index.php\/wp-json\/wp\/v2\/posts\/553\/revisions"}],"predecessor-version":[{"id":2580,"href":"https:\/\/usagers-transports.haut-allier.eu\/index.php\/wp-json\/wp\/v2\/posts\/553\/revisions\/2580"}],"wp:featuredmedia":[{"embeddable":true,"href":"https:\/\/usagers-transports.haut-allier.eu\/index.php\/wp-json\/wp\/v2\/media\/2569"}],"wp:attachment":[{"href":"https:\/\/usagers-transports.haut-allier.eu\/index.php\/wp-json\/wp\/v2\/media?parent=553"}],"wp:term":[{"taxonomy":"category","embeddable":true,"href":"https:\/\/usagers-transports.haut-allier.eu\/index.php\/wp-json\/wp\/v2\/categories?post=553"},{"taxonomy":"post_tag","embeddable":true,"href":"https:\/\/usagers-transports.haut-allier.eu\/index.php\/wp-json\/wp\/v2\/tags?post=553"}],"curies":[{"name":"wp","href":"https:\/\/api.w.org\/{rel}","templated":true}]}}