{"id":554,"date":"2019-01-23T07:36:04","date_gmt":"2019-01-23T06:36:04","guid":{"rendered":"http:\/\/5.45.101.177\/haut-allier\/usagers-transportse\/index.php\/2019\/01\/23\/cadeau-2019-de-wauquiez-au-haut554\/"},"modified":"2019-01-23T07:36:04","modified_gmt":"2019-01-23T06:36:04","slug":"cadeau-2019-de-wauquiez-au-haut554","status":"publish","type":"post","link":"https:\/\/usagers-transports.haut-allier.eu\/index.php\/2019\/01\/23\/cadeau-2019-de-wauquiez-au-haut554\/","title":{"rendered":"Cadeau 2019 de Wauquiez au Haut-Allier : et maintenant je flingue ton train touristique"},"content":{"rendered":"<p>Il devrait consulter un psy : le pr\u00e9sident de la r\u00e9gion Auvergne Rh\u00f4ne Alpes vient de supprimer un tiers du budget du SMAT du Haut-Allier, organisateur entre autres activit\u00e9s de soutien aux gorges, du train touristique estival. Ce qui signifie irr\u00e9m\u00e9diablement sa mort. Le train des Gorges de l&rsquo;Allier dont le succ\u00e8s s&rsquo;est affirm\u00e9 ann\u00e9es apr\u00e8s ann\u00e9es. Une op\u00e9ration annuelle rendue pourtant de plus en plus difficile de par les exigences de l&rsquo;op\u00e9rateur SNCF R\u00e9seau et qui a oblig\u00e9 le syndicat mixte d&rsquo;am\u00e9nagement touristique \u00e0 r\u00e9duire le nombre de circulations. Apr\u00e8s la disparition de l&rsquo;organisme qui va organiser un tel train ? Personne.<br \/>\n&nbsp;<br \/>\nUne d\u00e9cision qui intervient apr\u00e8s une multitude d&rsquo;actions hostiles de sa part dont celle de ne pas soutenir le PNR des sources et gorges de l&rsquo;Allier d\u00e8s son arriv\u00e9e. Et apr\u00e8s sa promesse \u00ab\u00a0de ne pas supprimer le SMAT si le PNR \u00e9tait abandonn\u00e9\u00a0\u00bb.<br \/>\n&nbsp;<br \/>\nMais on conna\u00eet ici la valeur de la parole de l&rsquo;\u00e9nergum\u00e8ne qui commence a \u00eatre appr\u00e9ci\u00e9e, nationalement y compris.<br \/>\n&nbsp;<br \/>\nMonsieur Wauquiez, qui a certainement tr\u00e8s mal dig\u00e9r\u00e9 l\u2019annulation en justice de ses budgets 2016 et 2017 \u00e0 la r\u00e9gion, et surtout l\u2019annulation par le tribunal de sa d\u00e9cision de ne plus soutenir le PNR il y a trois ans et ainsi de le tuer dans sa derni\u00e8re \u00e9tape.<br \/>\n&nbsp;<br \/>\nQue lui a fait le Haut-Allier pour un tel acharnement ? Nul ne sait mais \u00e0 notre sens il ne peut maintenant s&rsquo;agir que d&rsquo;un probl\u00e8me de sant\u00e9 mentale.<br \/>\n&nbsp;<br \/>\nOn peut lire sa d\u00e9cision dans son relais officiel tout d\u00e9vou\u00e9, l&rsquo;Eveil de Haute Loire \u00e9dition d&rsquo;hier : <a href=\"https:\/\/www.leveil.fr\/puy-en-velay\/institutions\/2019\/01\/22\/en-2020-la-region-auvergne-rhone-alpes-ne-financera-plus-le-smat-du-haut-allier_13115396.html\"><em>En 2020, la R\u00e9gion Auvergne-Rh\u00f4ne-Alpes ne subventionnera plus le Smat du Haut-Allier<\/em><\/a><\/p>\n","protected":false},"excerpt":{"rendered":"<p>Il devrait consulter un psy : le pr\u00e9sident de la r\u00e9gion Auvergne Rh\u00f4ne Alpes vient de supprimer un<\/p>\n","protected":false},"author":1,"featured_media":2581,"comment_status":"open","ping_status":"open","sticky":false,"template":"","format":"standard","meta":{"footnotes":""},"categories":[2],"tags":[],"class_list":["post-554","post","type-post","status-publish","format-standard","has-post-thumbnail","hentry","category-infos"],"_links":{"self":[{"href":"https:\/\/usagers-transports.haut-allier.eu\/index.php\/wp-json\/wp\/v2\/posts\/554","targetHints":{"allow":["GET"]}}],"collection":[{"href":"https:\/\/usagers-transports.haut-allier.eu\/index.php\/wp-json\/wp\/v2\/posts"}],"about":[{"href":"https:\/\/usagers-transports.haut-allier.eu\/index.php\/wp-json\/wp\/v2\/types\/post"}],"author":[{"embeddable":true,"href":"https:\/\/usagers-transports.haut-allier.eu\/index.php\/wp-json\/wp\/v2\/users\/1"}],"replies":[{"embeddable":true,"href":"https:\/\/usagers-transports.haut-allier.eu\/index.php\/wp-json\/wp\/v2\/comments?post=554"}],"version-history":[{"count":0,"href":"https:\/\/usagers-transports.haut-allier.eu\/index.php\/wp-json\/wp\/v2\/posts\/554\/revisions"}],"wp:featuredmedia":[{"embeddable":true,"href":"https:\/\/usagers-transports.haut-allier.eu\/index.php\/wp-json\/wp\/v2\/media\/2581"}],"wp:attachment":[{"href":"https:\/\/usagers-transports.haut-allier.eu\/index.php\/wp-json\/wp\/v2\/media?parent=554"}],"wp:term":[{"taxonomy":"category","embeddable":true,"href":"https:\/\/usagers-transports.haut-allier.eu\/index.php\/wp-json\/wp\/v2\/categories?post=554"},{"taxonomy":"post_tag","embeddable":true,"href":"https:\/\/usagers-transports.haut-allier.eu\/index.php\/wp-json\/wp\/v2\/tags?post=554"}],"curies":[{"name":"wp","href":"https:\/\/api.w.org\/{rel}","templated":true}]}}