{"id":555,"date":"2019-01-27T08:24:47","date_gmt":"2019-01-27T07:24:47","guid":{"rendered":"http:\/\/5.45.101.177\/haut-allier\/usagers-transportse\/index.php\/2019\/01\/27\/ligne-sncf-clermont-ferrand-nimes555\/"},"modified":"2019-01-27T08:24:47","modified_gmt":"2019-01-27T07:24:47","slug":"ligne-sncf-clermont-ferrand-nimes555","status":"publish","type":"post","link":"https:\/\/usagers-transports.haut-allier.eu\/index.php\/2019\/01\/27\/ligne-sncf-clermont-ferrand-nimes555\/","title":{"rendered":"Ligne SNCF Clermont-Ferrand N\u00eemes : oui il y a toujours urgence sur sa partie Auvergne Rh\u00f4ne Alpes"},"content":{"rendered":"<p>Ce n&rsquo;est une information pour personne le bras de fer que se livrent la r\u00e9gion AuRA et SNCF R\u00e9seau au sujet du financement des travaux de maintenance sur la partie Langogne Langeac de la ligne ferroviaire du train C\u00e9venol, risque de virer au drame : la fermeture de l&rsquo;axe fin 2019. C&rsquo;est la menace qu&rsquo;avaient \u00e9mis les responsables lyonnais de SNCF R\u00e9seau pr\u00e9sents lors de <a href=\"http:\/\/usagers-transports.haut-allier.eu\/?en-retard-de-plus-de-deux-ans-aura,537\"><strong>la r\u00e9union R\u00e9gion \/ Usagers<\/strong><\/a> qui s&rsquo;est tenue \u00e0 Clermont le 23 novembre 2018.<br \/>\n&nbsp;<br \/>\nNous aurons des pr\u00e9cisions d\u00e9finitives sur les avanc\u00e9es ou les reculs \u00e0 ce sujet dans les jours qui viennent.<br \/>\n&nbsp;<br \/>\nEn tous cas il y a quelques jours Guy Malaval, pr\u00e9sident de l&rsquo;association des Elus pour la d\u00e9fense du C\u00e9venol a envoy\u00e9 un message d&rsquo;alert\u00e9e \u00e0 la ministre Elisabeth Borne. Le Collectif des usagers des transports du haut Allier avait fait de m\u00eame dans les m\u00e9dias. Voici l&rsquo;article d&rsquo;aujourd&rsquo;hui dans Le Progr\u00e8s &#8211; La Tribune :<br \/>\n&nbsp;<br \/>\n<img loading=\"lazy\" decoding=\"async\" class=\" aligncenter size-full wp-image-2583\" src=\"http:\/\/5.45.101.177\/haut-allier\/usagers-transportse\/wp-content\/uploads\/2019\/01\/firefox_screenshot_2019-01-27t06-52-13.329z-scaled.png\" alt=\"firefox_screenshot_2019-01-27t06-52-13.329z.png\" align=\"center\" width=\"791\" height=\"2560\" srcset=\"https:\/\/usagers-transports.haut-allier.eu\/wp-content\/uploads\/2019\/01\/firefox_screenshot_2019-01-27t06-52-13.329z-scaled.png 791w, https:\/\/usagers-transports.haut-allier.eu\/wp-content\/uploads\/2019\/01\/firefox_screenshot_2019-01-27t06-52-13.329z-93x300.png 93w, https:\/\/usagers-transports.haut-allier.eu\/wp-content\/uploads\/2019\/01\/firefox_screenshot_2019-01-27t06-52-13.329z-768x2485.png 768w, https:\/\/usagers-transports.haut-allier.eu\/wp-content\/uploads\/2019\/01\/firefox_screenshot_2019-01-27t06-52-13.329z-475x1536.png 475w, https:\/\/usagers-transports.haut-allier.eu\/wp-content\/uploads\/2019\/01\/firefox_screenshot_2019-01-27t06-52-13.329z-633x2048.png 633w\" sizes=\"auto, (max-width: 791px) 100vw, 791px\" \/><\/p>\n","protected":false},"excerpt":{"rendered":"<p>Ce n&rsquo;est une information pour personne le bras de fer que se livrent la r\u00e9gion AuRA et SNCF<\/p>\n","protected":false},"author":1,"featured_media":2582,"comment_status":"open","ping_status":"open","sticky":false,"template":"","format":"standard","meta":{"footnotes":""},"categories":[3],"tags":[],"class_list":["post-555","post","type-post","status-publish","format-standard","has-post-thumbnail","hentry","category-en-train"],"_links":{"self":[{"href":"https:\/\/usagers-transports.haut-allier.eu\/index.php\/wp-json\/wp\/v2\/posts\/555","targetHints":{"allow":["GET"]}}],"collection":[{"href":"https:\/\/usagers-transports.haut-allier.eu\/index.php\/wp-json\/wp\/v2\/posts"}],"about":[{"href":"https:\/\/usagers-transports.haut-allier.eu\/index.php\/wp-json\/wp\/v2\/types\/post"}],"author":[{"embeddable":true,"href":"https:\/\/usagers-transports.haut-allier.eu\/index.php\/wp-json\/wp\/v2\/users\/1"}],"replies":[{"embeddable":true,"href":"https:\/\/usagers-transports.haut-allier.eu\/index.php\/wp-json\/wp\/v2\/comments?post=555"}],"version-history":[{"count":0,"href":"https:\/\/usagers-transports.haut-allier.eu\/index.php\/wp-json\/wp\/v2\/posts\/555\/revisions"}],"wp:featuredmedia":[{"embeddable":true,"href":"https:\/\/usagers-transports.haut-allier.eu\/index.php\/wp-json\/wp\/v2\/media\/2582"}],"wp:attachment":[{"href":"https:\/\/usagers-transports.haut-allier.eu\/index.php\/wp-json\/wp\/v2\/media?parent=555"}],"wp:term":[{"taxonomy":"category","embeddable":true,"href":"https:\/\/usagers-transports.haut-allier.eu\/index.php\/wp-json\/wp\/v2\/categories?post=555"},{"taxonomy":"post_tag","embeddable":true,"href":"https:\/\/usagers-transports.haut-allier.eu\/index.php\/wp-json\/wp\/v2\/tags?post=555"}],"curies":[{"name":"wp","href":"https:\/\/api.w.org\/{rel}","templated":true}]}}