{"id":556,"date":"2019-01-31T12:46:51","date_gmt":"2019-01-31T11:46:51","guid":{"rendered":"http:\/\/5.45.101.177\/haut-allier\/usagers-transportse\/index.php\/2019\/01\/31\/ligne-du-train-cevenol-les-usagers556\/"},"modified":"2019-01-31T12:46:51","modified_gmt":"2019-01-31T11:46:51","slug":"ligne-du-train-cevenol-les-usagers556","status":"publish","type":"post","link":"https:\/\/usagers-transports.haut-allier.eu\/index.php\/2019\/01\/31\/ligne-du-train-cevenol-les-usagers556\/","title":{"rendered":"Ligne du train C\u00e9venol : les usagers de G\u00e9nolhac et de Villefort r\u00e9pondent \u00e0 la SNCF"},"content":{"rendered":"<p>Parce qu&rsquo;elle doute encore la SNCF sur le bien fond\u00e9 du service public de transports qu&rsquo;elle assure plus ou moins correctement. Sans doute simplement pour ralentir et ne pas prendre les d\u00e9cisions,et toujours pour tenter de prouver que le train, son m\u00e9tier, n&rsquo;int\u00e9resse personne au cas o\u00f9 les usagers et les \u00e9lus ne r\u00e9agiraient pas \u00e0 ses manquements.<br \/>\n&nbsp;<br \/>\nDisons le ici tout de go : ce sont les \u00e9lus et d\u00e9cideurs qui savent mieux que quiconque ce qu&rsquo;il faut pour assurer le transport dans leurs territoires, Le prestataire SNCF doit ob\u00e9ir aux d\u00e9cisions des responsables \u00e0 la r\u00e9gion, ici l&rsquo;Occitanie. Mais bon elle avait envoy\u00e9 un questionnaire aux collectifs du Gard et de Loz\u00e8re pour envisager \u00ab\u00a0une planification sur notre ligne post 2020\u00a0\u00bb.<br \/>\n&nbsp;<br \/>\nLes amis citoyens usagers de G\u00e9nolhac et ceux de Villefort ont d\u00fb, une fois de plus, dire et prouver l&rsquo;utilit\u00e9 d&rsquo;un service de transports efficace \u00e0 une SNCF qui rechigne. Un comble.<br \/>\n&nbsp;<br \/>\nUne lettre a \u00e9t\u00e9 envoy\u00e9e par le collectif de d\u00e9fense de la gare de Villefort et voici le compte-rendu de la r\u00e9flexion de G\u00e9nolhac dans le quotidien Midi-Libre du 30 janvier 2019 :<br \/>\n&nbsp;<br \/>\n<img loading=\"lazy\" decoding=\"async\" class=\" aligncenter size-full wp-image-2585\" src=\"http:\/\/5.45.101.177\/haut-allier\/usagers-transportse\/wp-content\/uploads\/2019\/01\/article-2019-01-28-04-40-255988-m.png\" alt=\"article-2019-01-28-04-40-255988-m.png\" align=\"center\" width=\"724\" height=\"691\" srcset=\"https:\/\/usagers-transports.haut-allier.eu\/wp-content\/uploads\/2019\/01\/article-2019-01-28-04-40-255988-m.png 724w, https:\/\/usagers-transports.haut-allier.eu\/wp-content\/uploads\/2019\/01\/article-2019-01-28-04-40-255988-m-300x286.png 300w\" sizes=\"auto, (max-width: 724px) 100vw, 724px\" \/><br \/>\n&nbsp;<\/p>\n","protected":false},"excerpt":{"rendered":"<p>Parce qu&rsquo;elle doute encore la SNCF sur le bien fond\u00e9 du service public de transports qu&rsquo;elle assure plus<\/p>\n","protected":false},"author":1,"featured_media":2584,"comment_status":"open","ping_status":"open","sticky":false,"template":"","format":"standard","meta":{"footnotes":""},"categories":[3],"tags":[],"class_list":["post-556","post","type-post","status-publish","format-standard","has-post-thumbnail","hentry","category-en-train"],"_links":{"self":[{"href":"https:\/\/usagers-transports.haut-allier.eu\/index.php\/wp-json\/wp\/v2\/posts\/556","targetHints":{"allow":["GET"]}}],"collection":[{"href":"https:\/\/usagers-transports.haut-allier.eu\/index.php\/wp-json\/wp\/v2\/posts"}],"about":[{"href":"https:\/\/usagers-transports.haut-allier.eu\/index.php\/wp-json\/wp\/v2\/types\/post"}],"author":[{"embeddable":true,"href":"https:\/\/usagers-transports.haut-allier.eu\/index.php\/wp-json\/wp\/v2\/users\/1"}],"replies":[{"embeddable":true,"href":"https:\/\/usagers-transports.haut-allier.eu\/index.php\/wp-json\/wp\/v2\/comments?post=556"}],"version-history":[{"count":0,"href":"https:\/\/usagers-transports.haut-allier.eu\/index.php\/wp-json\/wp\/v2\/posts\/556\/revisions"}],"wp:featuredmedia":[{"embeddable":true,"href":"https:\/\/usagers-transports.haut-allier.eu\/index.php\/wp-json\/wp\/v2\/media\/2584"}],"wp:attachment":[{"href":"https:\/\/usagers-transports.haut-allier.eu\/index.php\/wp-json\/wp\/v2\/media?parent=556"}],"wp:term":[{"taxonomy":"category","embeddable":true,"href":"https:\/\/usagers-transports.haut-allier.eu\/index.php\/wp-json\/wp\/v2\/categories?post=556"},{"taxonomy":"post_tag","embeddable":true,"href":"https:\/\/usagers-transports.haut-allier.eu\/index.php\/wp-json\/wp\/v2\/tags?post=556"}],"curies":[{"name":"wp","href":"https:\/\/api.w.org\/{rel}","templated":true}]}}