{"id":557,"date":"2019-02-02T16:52:18","date_gmt":"2019-02-02T15:52:18","guid":{"rendered":"http:\/\/5.45.101.177\/haut-allier\/usagers-transportse\/index.php\/2019\/02\/02\/retour-du-train-de-nuit-nimes557\/"},"modified":"2019-02-02T16:52:18","modified_gmt":"2019-02-02T15:52:18","slug":"retour-du-train-de-nuit-nimes557","status":"publish","type":"post","link":"https:\/\/usagers-transports.haut-allier.eu\/index.php\/2019\/02\/02\/retour-du-train-de-nuit-nimes557\/","title":{"rendered":"Retour du Train de nuit N\u00eemes Clermont Paris : la SNCF r\u00e9pond \u00ab\u00a0Oui, y&rsquo;en a plus\u00a0\u00bb"},"content":{"rendered":"<p>Passionnant \u00e9change constitu\u00e9 par la r\u00e9ponse de Delphine Couzi, directrice SNCF Intercit\u00e9s, \u00e0 notre <a href=\"http:\/\/usagers-transports.haut-allier.eu\/?les-usagers-de-la-ligne-du-train,551\"><strong>demande du 10 janvier<\/strong><\/a> de cette ann\u00e9e de r\u00e9tablir le train de nuit N\u00eemes Clermont-Ferrand Paris.<br \/>\n&nbsp;<br \/>\nOn ne peut faire plus court :<br \/>\n&nbsp;<br \/>\n<img loading=\"lazy\" decoding=\"async\" class=\" aligncenter size-full wp-image-2587\" src=\"http:\/\/5.45.101.177\/haut-allier\/usagers-transportse\/wp-content\/uploads\/2019\/02\/reponsesncfintercitesdemandeduretourtraindenuitnimesclermontparis-02022019.jpg\" alt=\"reponsesncfintercitesdemandeduretourtraindenuitnimesclermontparis-02022019.jpg\" align=\"center\" width=\"800\" height=\"220\" srcset=\"https:\/\/usagers-transports.haut-allier.eu\/wp-content\/uploads\/2019\/02\/reponsesncfintercitesdemandeduretourtraindenuitnimesclermontparis-02022019.jpg 800w, https:\/\/usagers-transports.haut-allier.eu\/wp-content\/uploads\/2019\/02\/reponsesncfintercitesdemandeduretourtraindenuitnimesclermontparis-02022019-300x83.jpg 300w, https:\/\/usagers-transports.haut-allier.eu\/wp-content\/uploads\/2019\/02\/reponsesncfintercitesdemandeduretourtraindenuitnimesclermontparis-02022019-768x211.jpg 768w\" sizes=\"auto, (max-width: 800px) 100vw, 800px\" \/><br \/>\n&nbsp;<br \/>\nAttendons maintenant la r\u00e9action de la ministre Elisabeth Borne. Sera-t-elle plus loquace ?<\/p>\n","protected":false},"excerpt":{"rendered":"<p>Passionnant \u00e9change constitu\u00e9 par la r\u00e9ponse de Delphine Couzi, directrice SNCF Intercit\u00e9s, \u00e0 notre demande du 10 janvier<\/p>\n","protected":false},"author":1,"featured_media":2586,"comment_status":"open","ping_status":"open","sticky":false,"template":"","format":"standard","meta":{"footnotes":""},"categories":[2],"tags":[],"class_list":["post-557","post","type-post","status-publish","format-standard","has-post-thumbnail","hentry","category-infos"],"_links":{"self":[{"href":"https:\/\/usagers-transports.haut-allier.eu\/index.php\/wp-json\/wp\/v2\/posts\/557","targetHints":{"allow":["GET"]}}],"collection":[{"href":"https:\/\/usagers-transports.haut-allier.eu\/index.php\/wp-json\/wp\/v2\/posts"}],"about":[{"href":"https:\/\/usagers-transports.haut-allier.eu\/index.php\/wp-json\/wp\/v2\/types\/post"}],"author":[{"embeddable":true,"href":"https:\/\/usagers-transports.haut-allier.eu\/index.php\/wp-json\/wp\/v2\/users\/1"}],"replies":[{"embeddable":true,"href":"https:\/\/usagers-transports.haut-allier.eu\/index.php\/wp-json\/wp\/v2\/comments?post=557"}],"version-history":[{"count":0,"href":"https:\/\/usagers-transports.haut-allier.eu\/index.php\/wp-json\/wp\/v2\/posts\/557\/revisions"}],"wp:featuredmedia":[{"embeddable":true,"href":"https:\/\/usagers-transports.haut-allier.eu\/index.php\/wp-json\/wp\/v2\/media\/2586"}],"wp:attachment":[{"href":"https:\/\/usagers-transports.haut-allier.eu\/index.php\/wp-json\/wp\/v2\/media?parent=557"}],"wp:term":[{"taxonomy":"category","embeddable":true,"href":"https:\/\/usagers-transports.haut-allier.eu\/index.php\/wp-json\/wp\/v2\/categories?post=557"},{"taxonomy":"post_tag","embeddable":true,"href":"https:\/\/usagers-transports.haut-allier.eu\/index.php\/wp-json\/wp\/v2\/tags?post=557"}],"curies":[{"name":"wp","href":"https:\/\/api.w.org\/{rel}","templated":true}]}}