{"id":558,"date":"2019-02-04T07:08:42","date_gmt":"2019-02-04T06:08:42","guid":{"rendered":"http:\/\/5.45.101.177\/haut-allier\/usagers-transportse\/index.php\/2019\/02\/04\/lignes-du-train-cevenol-et-de558\/"},"modified":"2019-02-04T07:08:42","modified_gmt":"2019-02-04T06:08:42","slug":"lignes-du-train-cevenol-et-de558","status":"publish","type":"post","link":"https:\/\/usagers-transports.haut-allier.eu\/index.php\/2019\/02\/04\/lignes-du-train-cevenol-et-de558\/","title":{"rendered":"Lignes du train C\u00e9venol et de Loz\u00e8re : 30 cm de neige, -4\u00b0C et la SNCF d\u00e9clare forfait"},"content":{"rendered":"<p>Une nouvelle fois. Les usagers qui comptaient sur le train qui a toujours pu passer en hiver font grise mine : routes coup\u00e9es, oblig\u00e9s de d\u00e9commander des rendez-vous ou de ne plus pouvoir se d\u00e9placer au travail.<br \/>\n&nbsp;<br \/>\n<em>La RN88 \u00e0 Landos ce matin :<\/em><br \/>\n<img loading=\"lazy\" decoding=\"async\" class=\" aligncenter size-full wp-image-2589\" src=\"http:\/\/5.45.101.177\/haut-allier\/usagers-transportse\/wp-content\/uploads\/2019\/02\/img_2019-02-04_09-38-56_21.jpg\" alt=\"img_2019-02-04_09-38-56_21.jpg\" align=\"center\" width=\"320\" height=\"240\" srcset=\"https:\/\/usagers-transports.haut-allier.eu\/wp-content\/uploads\/2019\/02\/img_2019-02-04_09-38-56_21.jpg 320w, https:\/\/usagers-transports.haut-allier.eu\/wp-content\/uploads\/2019\/02\/img_2019-02-04_09-38-56_21-300x225.jpg 300w\" sizes=\"auto, (max-width: 320px) 100vw, 320px\" \/><br \/>\n&nbsp;<br \/>\nAbandons, mat\u00e9riels v\u00e9tustes, lignes non entretenues, manque de personnel, pertes de savoir-faire, incomp\u00e9tence, la liste des griefs est longue, tr\u00e8s longue envers la SNCF.<br \/>\n&nbsp;<br \/>\n<strong>Un petit 20 &#8211; 30 cm de neige et c&rsquo;est \u00e7a coupe : <\/strong><br \/>\n&nbsp;<br \/>\n&#8211; un train qui d\u00e9raille parce que la voie est non d\u00e9neig\u00e9e \u00e0 Belvezet tout pr\u00e8s de Labastide Puylaurent en Loz\u00e8re,<br \/>\n&nbsp;<br \/>\n<img loading=\"lazy\" decoding=\"async\" class=\" aligncenter size-full wp-image-2590\" src=\"http:\/\/5.45.101.177\/haut-allier\/usagers-transportse\/wp-content\/uploads\/2019\/02\/image-4.jpg\" alt=\"image-4.jpg\" align=\"center\" width=\"885\" height=\"500\" srcset=\"https:\/\/usagers-transports.haut-allier.eu\/wp-content\/uploads\/2019\/02\/image-4.jpg 885w, https:\/\/usagers-transports.haut-allier.eu\/wp-content\/uploads\/2019\/02\/image-4-300x169.jpg 300w, https:\/\/usagers-transports.haut-allier.eu\/wp-content\/uploads\/2019\/02\/image-4-768x434.jpg 768w\" sizes=\"auto, (max-width: 885px) 100vw, 885px\" \/><br \/>\n&nbsp;<br \/>\n<em>Midi libre du 4\/2\/2019 : <\/em>  <a href=\"https:\/\/www.midilibre.fr\/2019\/02\/03\/lozere-deraillement-dun-train-avant-la-gare-de-belvezet,7992323.php\">Loz\u00e8re &#8211; un train d\u00e9raille juste avant d&rsquo;arriver en gare de Belvezet<\/a><br \/>\n&nbsp;<br \/>\n&#8211; toutes les circulations de trains annul\u00e9es ce lundi 4 f\u00e9vrier, et les usagers avertis seulement \u00e0 21 heures la veille sur le site de la SNCF,<br \/>\n&nbsp;<br \/>\nA 16h30 la veille en avertissement, les usagers de la ligne du C\u00e9venol \u00e9taient avertis que les circulations sur la ligne de l&rsquo;Aubrac \u00e9taient interrompues&#8230; L&rsquo;affichage en gare de Langeac ci-dessous :<br \/>\n&nbsp;<br \/>\n<img loading=\"lazy\" decoding=\"async\" class=\" aligncenter size-full wp-image-2591\" src=\"http:\/\/5.45.101.177\/haut-allier\/usagers-transportse\/wp-content\/uploads\/2019\/02\/copie-ecran-gare-langeac_2019-02-03p.png\" alt=\"copie-ecran-gare-langeac_2019-02-03p.png\" align=\"center\" width=\"659\" height=\"960\" srcset=\"https:\/\/usagers-transports.haut-allier.eu\/wp-content\/uploads\/2019\/02\/copie-ecran-gare-langeac_2019-02-03p.png 659w, https:\/\/usagers-transports.haut-allier.eu\/wp-content\/uploads\/2019\/02\/copie-ecran-gare-langeac_2019-02-03p-206x300.png 206w\" sizes=\"auto, (max-width: 659px) 100vw, 659px\" \/><br \/>\n&nbsp;<br \/>\nEt \u00e0 21heures enfin :<br \/>\n&nbsp;<br \/>\n<img loading=\"lazy\" decoding=\"async\" class=\" aligncenter size-full wp-image-2592\" src=\"http:\/\/5.45.101.177\/haut-allier\/usagers-transportse\/wp-content\/uploads\/2019\/02\/firefox_screenshot_2019-02-03t19-35-59.828z.png\" alt=\"firefox_screenshot_2019-02-03t19-35-59.828z.png\" align=\"center\" width=\"856\" height=\"215\" srcset=\"https:\/\/usagers-transports.haut-allier.eu\/wp-content\/uploads\/2019\/02\/firefox_screenshot_2019-02-03t19-35-59.828z.png 856w, https:\/\/usagers-transports.haut-allier.eu\/wp-content\/uploads\/2019\/02\/firefox_screenshot_2019-02-03t19-35-59.828z-300x75.png 300w, https:\/\/usagers-transports.haut-allier.eu\/wp-content\/uploads\/2019\/02\/firefox_screenshot_2019-02-03t19-35-59.828z-768x193.png 768w\" sizes=\"auto, (max-width: 856px) 100vw, 856px\" \/><br \/>\n&nbsp;<br \/>\nQuelques jours auparavant les agents SNCF, conducteurs et autres, qui twittent beaucoup sur les r\u00e9seaux, et la presse locale, se r\u00e9jouissaient de voir la seule machine de d\u00e9neigement du massif central, qui date du d\u00e9but 1900, entrer en action dans le massif du Lioran. Oui mais ici sur la ligne des C\u00e9vennes pas de machine apparemment, ou pas le dimanche, ou pas au bon endroit, ou pas au bon moment.<br \/>\n&nbsp;<br \/>\n<img loading=\"lazy\" decoding=\"async\" class=\" aligncenter size-full wp-image-2593\" src=\"http:\/\/5.45.101.177\/haut-allier\/usagers-transportse\/wp-content\/uploads\/2019\/02\/firefox_screenshot_2019-02-04t06-32-58.643z.png\" alt=\"firefox_screenshot_2019-02-04t06-32-58.643z.png\" align=\"center\" width=\"500\" height=\"630\" srcset=\"https:\/\/usagers-transports.haut-allier.eu\/wp-content\/uploads\/2019\/02\/firefox_screenshot_2019-02-04t06-32-58.643z.png 500w, https:\/\/usagers-transports.haut-allier.eu\/wp-content\/uploads\/2019\/02\/firefox_screenshot_2019-02-04t06-32-58.643z-238x300.png 238w\" sizes=\"auto, (max-width: 500px) 100vw, 500px\" \/><br \/>\n&nbsp;<br \/>\n<img loading=\"lazy\" decoding=\"async\" class=\" aligncenter size-full wp-image-2594\" src=\"http:\/\/5.45.101.177\/haut-allier\/usagers-transportse\/wp-content\/uploads\/2019\/02\/firefox_screenshot_2019-02-04t05-52-49.973z.png\" alt=\"firefox_screenshot_2019-02-04t05-52-49.973z.png\" align=\"center\" width=\"1366\" height=\"658\" srcset=\"https:\/\/usagers-transports.haut-allier.eu\/wp-content\/uploads\/2019\/02\/firefox_screenshot_2019-02-04t05-52-49.973z.png 1366w, https:\/\/usagers-transports.haut-allier.eu\/wp-content\/uploads\/2019\/02\/firefox_screenshot_2019-02-04t05-52-49.973z-300x145.png 300w, https:\/\/usagers-transports.haut-allier.eu\/wp-content\/uploads\/2019\/02\/firefox_screenshot_2019-02-04t05-52-49.973z-1024x493.png 1024w, https:\/\/usagers-transports.haut-allier.eu\/wp-content\/uploads\/2019\/02\/firefox_screenshot_2019-02-04t05-52-49.973z-768x370.png 768w\" sizes=\"auto, (max-width: 1366px) 100vw, 1366px\" \/><br \/>\n&nbsp;<br \/>\n<strong>Lamentable SNCF.<\/strong><\/p>\n","protected":false},"excerpt":{"rendered":"<p>Une nouvelle fois. Les usagers qui comptaient sur le train qui a toujours pu passer en hiver font<\/p>\n","protected":false},"author":1,"featured_media":2588,"comment_status":"open","ping_status":"open","sticky":false,"template":"","format":"standard","meta":{"footnotes":""},"categories":[2],"tags":[],"class_list":["post-558","post","type-post","status-publish","format-standard","has-post-thumbnail","hentry","category-infos"],"_links":{"self":[{"href":"https:\/\/usagers-transports.haut-allier.eu\/index.php\/wp-json\/wp\/v2\/posts\/558","targetHints":{"allow":["GET"]}}],"collection":[{"href":"https:\/\/usagers-transports.haut-allier.eu\/index.php\/wp-json\/wp\/v2\/posts"}],"about":[{"href":"https:\/\/usagers-transports.haut-allier.eu\/index.php\/wp-json\/wp\/v2\/types\/post"}],"author":[{"embeddable":true,"href":"https:\/\/usagers-transports.haut-allier.eu\/index.php\/wp-json\/wp\/v2\/users\/1"}],"replies":[{"embeddable":true,"href":"https:\/\/usagers-transports.haut-allier.eu\/index.php\/wp-json\/wp\/v2\/comments?post=558"}],"version-history":[{"count":0,"href":"https:\/\/usagers-transports.haut-allier.eu\/index.php\/wp-json\/wp\/v2\/posts\/558\/revisions"}],"wp:featuredmedia":[{"embeddable":true,"href":"https:\/\/usagers-transports.haut-allier.eu\/index.php\/wp-json\/wp\/v2\/media\/2588"}],"wp:attachment":[{"href":"https:\/\/usagers-transports.haut-allier.eu\/index.php\/wp-json\/wp\/v2\/media?parent=558"}],"wp:term":[{"taxonomy":"category","embeddable":true,"href":"https:\/\/usagers-transports.haut-allier.eu\/index.php\/wp-json\/wp\/v2\/categories?post=558"},{"taxonomy":"post_tag","embeddable":true,"href":"https:\/\/usagers-transports.haut-allier.eu\/index.php\/wp-json\/wp\/v2\/tags?post=558"}],"curies":[{"name":"wp","href":"https:\/\/api.w.org\/{rel}","templated":true}]}}