{"id":56,"date":"2013-05-06T17:00:03","date_gmt":"2013-05-06T15:00:03","guid":{"rendered":"http:\/\/5.45.101.177\/haut-allier\/usagers-transportse\/index.php\/2013\/05\/06\/trains-du-massif-central-marche-de056\/"},"modified":"2026-09-01T15:53:03","modified_gmt":"2026-09-01T13:53:03","slug":"trains-du-massif-central-marche-de056","status":"publish","type":"post","link":"https:\/\/usagers-transports.haut-allier.eu\/index.php\/2013\/05\/06\/trains-du-massif-central-marche-de056\/","title":{"rendered":"Trains du massif central : marche de mai 2013 pour la ligne B\u00e9ziers &#8211; Clermont Ferrand"},"content":{"rendered":"Il n&rsquo;y a pas que la ligne du C\u00e9venol que P\u00e9py et son ministre veulent interrompre, il y a aussi l&rsquo;Aubrac le train qui relie Paris \u00e0 B\u00e9ziers via Clermont-Ferrand, Millau et les fabuleux paysages du massif central. On pensait qu&rsquo;un gouvernement de gauche dont les \u00e9diles r\u00e9gionaux misent et investissent beaucoup sur le transport ferroviaire des voyageurs changerait de cap et am\u00e8nerait du sang nouveau au moins \u00e0 la direction de la SNCF. Il n&rsquo;en a rien \u00e9t\u00e9. La politique molle du n&rsquo;en parlons pas aux \u00e9lus, mentons leur, et faisons ce que nous voulons en coulisse, perdure. Mais la r\u00e9sistance est farouche. Elle continue de plus belle et une nouvelle manifestation, une marche de B\u00e9ziers \u00e0 Neussargues, \u00e0 d\u00e9but\u00e9 ce vendredi 3 mai pour les 20 premiers kilom\u00e8tres. Aujourd&rsquo;hui de B\u00e9ziers \u00e0 Magalas sur le contrefort du massif.\n\nDe plus et c&rsquo;est nouveau, voil\u00e0 que les r\u00e9gions, et ici la r\u00e9gion Languedoc Roussillon et son fabuleux vice-pr\u00e9sident charg\u00e9 des transports, Robert Navaro, de sulfureuse r\u00e9putation, sont accus\u00e9s de suppression des trains et de leur remplacement par des bus qui n&rsquo;apportent pas du tout le m\u00eame service depuis le passage de la portion B\u00e9ziers B\u00e9darieux au tarif d&rsquo;un euro.  \n\nDans les m\u00e9dias :\n\n&#8211; le sujet de France 3 Languedoc Roussillon du 4 mai.\n\n <a href=\"IMG\/avi\/usagers-transports-haut-allier-manif-beziers-neussargues-03052013-f3lr.avi\">usagers-transports-haut-allier-manif-beziers-neussargues-03052013-f3lr.avi<\/a>\n\n&#8211; l&rsquo;article de <a href=\"http:\/\/www.midilibre.fr\/2013\/05\/13\/une-marche-collective-pour-sauver-les-trains,696051.php\">Midi Libre<\/a> du 14 mai : Loz\u00e8re : une marche collective pour sauver les trains.<p>&nbsp;<\/p>\n\n\t<figure class=\"wp-block-gallery columns-1 is-cropped wp-block-gallery-1 is-layout-flex wp-block-gallery-is-layout-flex\">\n\t\t<ul class=\"blocks-gallery-grid\">\n\t\t\t<li class=\"blocks-gallery-item\">\n\t\t\t\t<figure>\n\t\t\t\t\t\t\t\t\t\t\t<img loading=\"lazy\" decoding=\"async\" width=\"512\" height=\"288\" src=\"http:\/\/5.45.101.177\/haut-allier\/usagers-transportse\/wp-content\/uploads\/2013\/05\/vlcsnap-2013-05-06-16h11m10s214.png\"\n\t\t\t\t\t\t alt=\"vlcsnap-2013-05-06-16h11m10s214.png\"\n\t\t\t\t\t\t data-id=\"1420\"\n\t\t\t\t\t\t data-full-url=\"http:\/\/5.45.101.177\/haut-allier\/usagers-transportse\/wp-content\/uploads\/2013\/05\/vlcsnap-2013-05-06-16h11m10s214.png\"\n\t\t\t\t\t\t data-link=\"http:\/\/5.45.101.177\/haut-allier\/usagers-transportse\/attachment-vlcsnap-2013-05-06-16h11m10s214-png\/\"\n\t\t\t\t\t\t class=\"wp-image-1420\" srcset=\"https:\/\/usagers-transports.haut-allier.eu\/wp-content\/uploads\/2013\/05\/vlcsnap-2013-05-06-16h11m10s214.png 512w, https:\/\/usagers-transports.haut-allier.eu\/wp-content\/uploads\/2013\/05\/vlcsnap-2013-05-06-16h11m10s214-300x169.png 300w\" sizes=\"auto, (max-width: 512px) 100vw, 512px\" \/>\n\t\t\t\t<\/figure>\n\t\t\t<\/li>\n\t\t<\/ul>\n\t<\/figure>\n","protected":false},"excerpt":{"rendered":"<p>Il n&rsquo;y a pas que la ligne du C\u00e9venol que P\u00e9py et son ministre veulent interrompre, il y<\/p>\n","protected":false},"author":1,"featured_media":1420,"comment_status":"closed","ping_status":"open","sticky":false,"template":"","format":"standard","meta":{"footnotes":""},"categories":[2],"tags":[],"class_list":["post-56","post","type-post","status-publish","format-standard","has-post-thumbnail","hentry","category-infos"],"_links":{"self":[{"href":"https:\/\/usagers-transports.haut-allier.eu\/index.php\/wp-json\/wp\/v2\/posts\/56","targetHints":{"allow":["GET"]}}],"collection":[{"href":"https:\/\/usagers-transports.haut-allier.eu\/index.php\/wp-json\/wp\/v2\/posts"}],"about":[{"href":"https:\/\/usagers-transports.haut-allier.eu\/index.php\/wp-json\/wp\/v2\/types\/post"}],"author":[{"embeddable":true,"href":"https:\/\/usagers-transports.haut-allier.eu\/index.php\/wp-json\/wp\/v2\/users\/1"}],"replies":[{"embeddable":true,"href":"https:\/\/usagers-transports.haut-allier.eu\/index.php\/wp-json\/wp\/v2\/comments?post=56"}],"version-history":[{"count":1,"href":"https:\/\/usagers-transports.haut-allier.eu\/index.php\/wp-json\/wp\/v2\/posts\/56\/revisions"}],"predecessor-version":[{"id":1421,"href":"https:\/\/usagers-transports.haut-allier.eu\/index.php\/wp-json\/wp\/v2\/posts\/56\/revisions\/1421"}],"wp:featuredmedia":[{"embeddable":true,"href":"https:\/\/usagers-transports.haut-allier.eu\/index.php\/wp-json\/wp\/v2\/media\/1420"}],"wp:attachment":[{"href":"https:\/\/usagers-transports.haut-allier.eu\/index.php\/wp-json\/wp\/v2\/media?parent=56"}],"wp:term":[{"taxonomy":"category","embeddable":true,"href":"https:\/\/usagers-transports.haut-allier.eu\/index.php\/wp-json\/wp\/v2\/categories?post=56"},{"taxonomy":"post_tag","embeddable":true,"href":"https:\/\/usagers-transports.haut-allier.eu\/index.php\/wp-json\/wp\/v2\/tags?post=56"}],"curies":[{"name":"wp","href":"https:\/\/api.w.org\/{rel}","templated":true}]}}