{"id":560,"date":"2019-02-09T12:45:33","date_gmt":"2019-02-09T11:45:33","guid":{"rendered":"http:\/\/5.45.101.177\/haut-allier\/usagers-transportse\/index.php\/2019\/02\/09\/ligne-du-train-cevenol560\/"},"modified":"2019-02-09T12:45:33","modified_gmt":"2019-02-09T11:45:33","slug":"ligne-du-train-cevenol560","status":"publish","type":"post","link":"https:\/\/usagers-transports.haut-allier.eu\/index.php\/2019\/02\/09\/ligne-du-train-cevenol560\/","title":{"rendered":"Ligne du train C\u00e9venol : installation du Comit\u00e9 des mobilit\u00e9s du Gard"},"content":{"rendered":"<p>Ce jeudi 7 f\u00e9vrier \u00e0 N\u00eemes \u00e9tait lanc\u00e9 un des Comit\u00e9s de mobilit\u00e9s qui concernent notre ligne des C\u00e9vennes Clermont-Ferrand N\u00eemes, celui du Gard. Nous y \u00e9tions convi\u00e9s avec l&rsquo;ensemble des groupes d&rsquo;usagers, du train, du bus scolaire, du v\u00e9lo et m\u00eame du v\u00e9lo \u00e9lectrique ainsi que les transporteurs de voyageurs concern\u00e9s et les collectivit\u00e9s.<br \/>\n&nbsp;<br \/>\nPour la r\u00e9gion Occitanie Jean-Luc Gibelin, le vice-pr\u00e9sident en charge des transports, animait la r\u00e9union. Pour la SNCF, pr\u00e9sent dans la salle, il s&rsquo;agissait de Jonathan Vercruyse, de Mobilit\u00e9s. Gibelin pr\u00e9sentait le nouveau Directeur des transports du Gard Christophe Bazzo, ancien directeur adjoint des transports au D\u00e9partement (la r\u00e9gion vient de r\u00e9cup\u00e9rer la comp\u00e9tence transports scolaires). C\u00f4t\u00e9 usagers \u00e9taient pr\u00e9sents l&rsquo;Association des usagers SNCF du Gard et des d\u00e9partements limitrophes, le Collectif citoyen pour les services publics de G\u00e9nolhac et celui des Usagers des transports du Haut-Allier donc.<br \/>\n&nbsp;<br \/>\n<img loading=\"lazy\" decoding=\"async\" class=\" aligncenter size-full wp-image-2597\" src=\"http:\/\/5.45.101.177\/haut-allier\/usagers-transportse\/wp-content\/uploads\/2019\/02\/img_20190207_181027-ro.jpg\" alt=\"img_20190207_181027-ro.jpg\" align=\"center\" width=\"2320\" height=\"1196\" srcset=\"https:\/\/usagers-transports.haut-allier.eu\/wp-content\/uploads\/2019\/02\/img_20190207_181027-ro.jpg 2320w, https:\/\/usagers-transports.haut-allier.eu\/wp-content\/uploads\/2019\/02\/img_20190207_181027-ro-300x155.jpg 300w, https:\/\/usagers-transports.haut-allier.eu\/wp-content\/uploads\/2019\/02\/img_20190207_181027-ro-1024x528.jpg 1024w, https:\/\/usagers-transports.haut-allier.eu\/wp-content\/uploads\/2019\/02\/img_20190207_181027-ro-768x396.jpg 768w, https:\/\/usagers-transports.haut-allier.eu\/wp-content\/uploads\/2019\/02\/img_20190207_181027-ro-1536x792.jpg 1536w, https:\/\/usagers-transports.haut-allier.eu\/wp-content\/uploads\/2019\/02\/img_20190207_181027-ro-2048x1056.jpg 2048w\" sizes=\"auto, (max-width: 2320px) 100vw, 2320px\" \/><br \/>\n&nbsp;<br \/>\nIl s&rsquo;agissait dans un premier temps d&rsquo;une pr\u00e9sentation de l&rsquo;initiative issue des Etats g\u00e9n\u00e9raux du rail et de l&rsquo;intermodalit\u00e9 men\u00e9s il y a plus de 3 ans maintenant par la r\u00e9gion Occitanie. D&rsquo;apr\u00e8s ce que nous avons compris il y aura \u00e9galement un Comit\u00e9 des mobilit\u00e9s en Loz\u00e8re qui nous concernera aussi. Rappelons que pour le c\u00f4t\u00e9 nord, en r\u00e9gion Auvergne Rh\u00f4ne Alpes la ligne est concern\u00e9e par le Comit\u00e9 de mobilit\u00e9 Auvergne (amput\u00e9 du Puy) <a href=\"http:\/\/usagers-transports.haut-allier.eu\/?en-retard-de-plus-de-deux-ans-aura,537\"><em>install\u00e9 par la r\u00e9gion AuRA en novembre dernier<\/em><\/a>.<br \/>\n&nbsp;<br \/>\nCes rencontres p\u00e9riodiques sont des instances qui r\u00e9unissent les acteurs de la mobilit\u00e9 r\u00e9gionale. Ils sont constitu\u00e9s :<br \/>\n&#8211; des acteurs institutionnels, R\u00e9gion, agglom\u00e9rations, m\u00e9tropoles&#8230;<br \/>\n&#8211; des entreprises et op\u00e9rateurs de transports, SNCF, transporteurs routiers de voyageurs&#8230;<br \/>\n&#8211; des collectifs d&rsquo;usagers,<br \/>\n&#8211; des associations impliqu\u00e9es sur les questions de mobilit\u00e9<br \/>\n&nbsp;<br \/>\nLes comit\u00e9s d\u00e9partementaux de mobilit\u00e9 sont pr\u00e9vus pour accueillir en leur sein diff\u00e9rentes commissions, comme celle, r\u00e9cente, des transports scolaires.<br \/>\n&nbsp;<br \/>\nLes dates et les informations des Comit\u00e9s (CR, etc.) se retrouvent sur le site <a href=\"http:\/\/lio.laregion.fr\">lio.laregion.fr<\/a><br \/>\n&nbsp;<br \/>\nConcernant la ligne du train C\u00e9venol Jean-Luc Gibelin a notamment confirm\u00e9 l&rsquo;arriv\u00e9e de 3 rames R\u00e9giolis dans les C\u00e9vennes, le Haut-Allier et l&rsquo;Auvergne, \u00e0 la fin de cette ann\u00e9e 2019.<br \/>\n&nbsp;<br \/>\nDans un d\u00e9lai de 5 \u00e0 10 ans l&rsquo;ensemble du parc de mat\u00e9riel ferroviaire roulant de la r\u00e9gion Occitanie sera renouvel\u00e9.<br \/>\n&nbsp;<br \/>\nPour bien illustrer la bataille que doivent livrer les r\u00e9gions contre la SNCF, \u00e9tonnons nous que cette derni\u00e8re FREINE les acquisitions de rames programm\u00e9es par cette r\u00e9gion : exemple sur les 16 rames budg\u00e9t\u00e9es par Occitanie, SNCF n&rsquo;en veut que 13.<br \/>\n&nbsp;<br \/>\nLa r\u00e9gion compte 70 P\u00f4le d&rsquo;\u00e9changes multimodaux (train, bus, voitures, v\u00e9los&#8230;.). En ce qui concerne le v\u00e9lo elle adh\u00e8re \u00e0 Villes et Territoires cyclables. Elle r\u00e9fl\u00e9chit sur la convergence train v\u00e9lo qui pose des probl\u00e8mes de d\u00e9veloppement vu l&rsquo;espace attribu\u00e9 pour les cycles dans les trains m\u00eame nouveaux. Une solution d&rsquo;aide pour l&rsquo;achat de deux v\u00e9los par personne avec des parking s\u00e9curis\u00e9s est \u00e0 l&rsquo;\u00e9tude, la r\u00e9ponse serait un pour le trajet vers la gare de d\u00e9part, puis garage du cycle, et un \u00e0 prendre dans le garage de la gare d&rsquo;arriv\u00e9e pour arriver \u00e0 destination.<br \/>\n&nbsp;<br \/>\nL&rsquo;application LIO pour les smartphones a \u00e9t\u00e9 promise pour septembre de cette ann\u00e9e.<br \/>\n&nbsp;<br \/>\nPlein de projets de la r\u00e9gion aussi concernant des formules de billets TRAIN + SITE TOURISTIQUE qui vont \u00eatre d\u00e9velopp\u00e9es tr\u00e8s rapidement.<br \/>\n&nbsp;<br \/>\nEn bref cela fait plaisir de voir le dynamisme de cette r\u00e9gion concernant les transports publics. Puisse l&rsquo;op\u00e9rateur ferroviaire choisi, la SNCF, accompagner leur d\u00e9veloppement. Ce n&rsquo;est pas vraiment le cas hors de son dada actuel qu&rsquo;elle pousse \u00e9hont\u00e9ment au d\u00e9triment du train du quotidien : la grande vitesse. <\/p>\n","protected":false},"excerpt":{"rendered":"<p>Ce jeudi 7 f\u00e9vrier \u00e0 N\u00eemes \u00e9tait lanc\u00e9 un des Comit\u00e9s de mobilit\u00e9s qui concernent notre ligne des<\/p>\n","protected":false},"author":1,"featured_media":2596,"comment_status":"open","ping_status":"open","sticky":false,"template":"","format":"standard","meta":{"footnotes":""},"categories":[2],"tags":[],"class_list":["post-560","post","type-post","status-publish","format-standard","has-post-thumbnail","hentry","category-infos"],"_links":{"self":[{"href":"https:\/\/usagers-transports.haut-allier.eu\/index.php\/wp-json\/wp\/v2\/posts\/560","targetHints":{"allow":["GET"]}}],"collection":[{"href":"https:\/\/usagers-transports.haut-allier.eu\/index.php\/wp-json\/wp\/v2\/posts"}],"about":[{"href":"https:\/\/usagers-transports.haut-allier.eu\/index.php\/wp-json\/wp\/v2\/types\/post"}],"author":[{"embeddable":true,"href":"https:\/\/usagers-transports.haut-allier.eu\/index.php\/wp-json\/wp\/v2\/users\/1"}],"replies":[{"embeddable":true,"href":"https:\/\/usagers-transports.haut-allier.eu\/index.php\/wp-json\/wp\/v2\/comments?post=560"}],"version-history":[{"count":0,"href":"https:\/\/usagers-transports.haut-allier.eu\/index.php\/wp-json\/wp\/v2\/posts\/560\/revisions"}],"wp:featuredmedia":[{"embeddable":true,"href":"https:\/\/usagers-transports.haut-allier.eu\/index.php\/wp-json\/wp\/v2\/media\/2596"}],"wp:attachment":[{"href":"https:\/\/usagers-transports.haut-allier.eu\/index.php\/wp-json\/wp\/v2\/media?parent=560"}],"wp:term":[{"taxonomy":"category","embeddable":true,"href":"https:\/\/usagers-transports.haut-allier.eu\/index.php\/wp-json\/wp\/v2\/categories?post=560"},{"taxonomy":"post_tag","embeddable":true,"href":"https:\/\/usagers-transports.haut-allier.eu\/index.php\/wp-json\/wp\/v2\/tags?post=560"}],"curies":[{"name":"wp","href":"https:\/\/api.w.org\/{rel}","templated":true}]}}