{"id":563,"date":"2019-02-20T13:09:12","date_gmt":"2019-02-20T12:09:12","guid":{"rendered":"http:\/\/5.45.101.177\/haut-allier\/usagers-transportse\/index.php\/2019\/02\/20\/la-region-paca-ouvre-a-la563\/"},"modified":"2019-02-20T13:09:12","modified_gmt":"2019-02-20T12:09:12","slug":"la-region-paca-ouvre-a-la563","status":"publish","type":"post","link":"https:\/\/usagers-transports.haut-allier.eu\/index.php\/2019\/02\/20\/la-region-paca-ouvre-a-la563\/","title":{"rendered":"La r\u00e9gion PACA ouvre \u00e0 la concurrence la ligne TER Marseille-Toulon-Nice"},"content":{"rendered":"<p>C&rsquo;est une premi\u00e8re et le Parisien nous apprend que le choix du nouvel op\u00e9rateur interviendra au printemps 2021 pour une exploitation \u00e0 partir de 2022. PACA essuierait les pl\u00e2tres, les r\u00e9gions Grand-Est, Hauts-de-France, Bourgogne ou encore Pays-de-Loire, ont annonc\u00e9 leur intention de lib\u00e9raliser au plus vite les trains r\u00e9gionaux.<br \/>\n&nbsp;<br \/>\nEvidemment \u00e7a se d\u00e9cha\u00eene sur les forums et Twitter, les partisans du \u00ab\u00a0Ca ne peut pas \u00eatre mieux qu&rsquo;avec la SNCF\u00a0\u00bb apparemment ne prennent pas le train bien souvent et ne vivent pas les d\u00e9sagr\u00e9ments quotidiens occasionn\u00e9s par la perte de savoir-faire de la soci\u00e9t\u00e9 dite ferroviaire ou alors&#8230; sont ses salari\u00e9s cheminots. Elle m\u00e9rite pourtant bien une grosse claque :<br \/>\n&nbsp;<br \/>\n&#8211; A cause de sa d\u00e9fiance et son opacit\u00e9 envers les \u00e9lus, l&rsquo;\u00e9tat et les contribuables qui la finance deux fois, avec les imp\u00f4ts et avec les billets de transports obligatoires.<br \/>\n&#8211; A cause de son manque de consid\u00e9ration des usagers du r\u00e9seau historique.<\/p>\n<p>&nbsp;<br \/>\nA lire :<br \/>\n&nbsp;<br \/>\n<a href=\"http:\/\/www.leparisien.fr\/economie\/paca-la-region-ouvre-a-la-concurrence-la-ligne-ter-marseille-toulon-nice-20-02-2019-8015949.php#xtor=AD-32280599\"><strong>\u00ab\u00a0PACA : la r\u00e9gion ouvre \u00e0 la concurrence la ligne TER Marseille-Toulon-Nice\u00a0\u00bb<\/strong><\/a><\/p>\n","protected":false},"excerpt":{"rendered":"<p>C&rsquo;est une premi\u00e8re et le Parisien nous apprend que le choix du nouvel op\u00e9rateur interviendra au printemps 2021<\/p>\n","protected":false},"author":1,"featured_media":2603,"comment_status":"open","ping_status":"open","sticky":false,"template":"","format":"standard","meta":{"footnotes":""},"categories":[3],"tags":[],"class_list":["post-563","post","type-post","status-publish","format-standard","has-post-thumbnail","hentry","category-en-train"],"_links":{"self":[{"href":"https:\/\/usagers-transports.haut-allier.eu\/index.php\/wp-json\/wp\/v2\/posts\/563","targetHints":{"allow":["GET"]}}],"collection":[{"href":"https:\/\/usagers-transports.haut-allier.eu\/index.php\/wp-json\/wp\/v2\/posts"}],"about":[{"href":"https:\/\/usagers-transports.haut-allier.eu\/index.php\/wp-json\/wp\/v2\/types\/post"}],"author":[{"embeddable":true,"href":"https:\/\/usagers-transports.haut-allier.eu\/index.php\/wp-json\/wp\/v2\/users\/1"}],"replies":[{"embeddable":true,"href":"https:\/\/usagers-transports.haut-allier.eu\/index.php\/wp-json\/wp\/v2\/comments?post=563"}],"version-history":[{"count":0,"href":"https:\/\/usagers-transports.haut-allier.eu\/index.php\/wp-json\/wp\/v2\/posts\/563\/revisions"}],"wp:featuredmedia":[{"embeddable":true,"href":"https:\/\/usagers-transports.haut-allier.eu\/index.php\/wp-json\/wp\/v2\/media\/2603"}],"wp:attachment":[{"href":"https:\/\/usagers-transports.haut-allier.eu\/index.php\/wp-json\/wp\/v2\/media?parent=563"}],"wp:term":[{"taxonomy":"category","embeddable":true,"href":"https:\/\/usagers-transports.haut-allier.eu\/index.php\/wp-json\/wp\/v2\/categories?post=563"},{"taxonomy":"post_tag","embeddable":true,"href":"https:\/\/usagers-transports.haut-allier.eu\/index.php\/wp-json\/wp\/v2\/tags?post=563"}],"curies":[{"name":"wp","href":"https:\/\/api.w.org\/{rel}","templated":true}]}}