{"id":564,"date":"2019-02-21T13:23:49","date_gmt":"2019-02-21T12:23:49","guid":{"rendered":"http:\/\/5.45.101.177\/haut-allier\/usagers-transportse\/index.php\/2019\/02\/21\/signalez-nous-tout-bagage-ou-colis564\/"},"modified":"2019-02-21T13:23:49","modified_gmt":"2019-02-21T12:23:49","slug":"signalez-nous-tout-bagage-ou-colis564","status":"publish","type":"post","link":"https:\/\/usagers-transports.haut-allier.eu\/index.php\/2019\/02\/21\/signalez-nous-tout-bagage-ou-colis564\/","title":{"rendered":"Signalez-nous tout bagage ou colis abandonn\u00e9"},"content":{"rendered":"<p>Signalez-nous tout colis ou bagage abandonn\u00e9. Si vous \u00eates t\u00e9moin d\u2019une situation qui pr\u00e9sente un risque pour votre s\u00e9curit\u00e9 ou celle des autres voyageurs, appelez le 3117 ou envoyez un SMS au 3117, 24h sur 24, 7 jours sur 7.<br \/>\n&nbsp;<br \/>\nAttention, plusieurs trains sans arr\u00eat vont circuler dans cette gare, \u00e9loignez-vous de la bordure du quai s\u2019il vous pla\u00eet. Le TER num\u00e9ro 148692 \u00e0 destination de Le Mans, d\u00e9part 18 h 06, partira voie 1. Il dessert les gares de Versailles-Chantiers, Rambouillet, Gazeran, Epernon, Maintenon, Chartres, La Villette Saint-Prest, Nogent le Rotrou, Le Theil-la-Rouge, La Fert\u00e9 Bernard, Sceaux-Boess\u00e9, Connerr\u00e9 Beill\u00e9, Montfort Le Gesnois, Saint-Mars-la-Bri\u00e8re, Champagn\u00e9 et Le Mans.<br \/>\n&nbsp;<br \/>\n<strong>Madame, Monsieur.<\/strong><br \/>\n&nbsp;<br \/>\nMadame, Monsieur, votre attention s\u2019il vous pla\u00eet, \u00e0 la suite d\u2019un accident grave de personne, d\u2019une rupture de cat\u00e9naire, d\u2019un probl\u00e8me de passage \u00e0 niveau, d\u2019un d\u00e9faut de signalisation, d\u2019un incident technique et de la pr\u00e9sence d\u2019un tapir sur les voies, Le TER num\u00e9ro 148692 \u00e0 destination de Le Mans initialement pr\u00e9vu \u00e0 18h06 circulera avec un retard de 2 heures et 18 minutes environ, merci de votre compr\u00e9hension.<br \/>\n&nbsp;<br \/>\n<strong>Votre attention s\u2019il vous pla\u00eet<\/strong><br \/>\n&nbsp;<br \/>\nMadame, monsieur, votre attention s\u2019il vous pla\u00eet, Le TER num\u00e9ro 148566 \u00e0 destination de Le Mans arrive en gare de Paris-Montparnasse avec un retard de 2 heures et 16 minutes. La SNCF vous prie de l\u2019excuser pour ce retard et esp\u00e8re que vous avez effectu\u00e9 un agr\u00e9able voyage. Attention \u00e0 la marche en descendant du train, assurez-vous que vous n\u2019avez rien oubli\u00e9 dans ce train. Des pickpockets sont susceptibles d\u2019agir dans cette station. Des pickpockets vont agir dans cette station. Des pickpockets ont agi dans cette station.<br \/>\n&nbsp;<\/p>\n<p><img loading=\"lazy\" decoding=\"async\" class=\" aligncenter size-full wp-image-2605\" src=\"http:\/\/5.45.101.177\/haut-allier\/usagers-transportse\/wp-content\/uploads\/2019\/02\/garealleyrasvaliseabandonnee.jpg\" alt=\"garealleyrasvaliseabandonnee.jpg\" align=\"center\" width=\"1818\" height=\"926\" srcset=\"https:\/\/usagers-transports.haut-allier.eu\/wp-content\/uploads\/2019\/02\/garealleyrasvaliseabandonnee.jpg 1818w, https:\/\/usagers-transports.haut-allier.eu\/wp-content\/uploads\/2019\/02\/garealleyrasvaliseabandonnee-300x153.jpg 300w, https:\/\/usagers-transports.haut-allier.eu\/wp-content\/uploads\/2019\/02\/garealleyrasvaliseabandonnee-1024x522.jpg 1024w, https:\/\/usagers-transports.haut-allier.eu\/wp-content\/uploads\/2019\/02\/garealleyrasvaliseabandonnee-768x391.jpg 768w, https:\/\/usagers-transports.haut-allier.eu\/wp-content\/uploads\/2019\/02\/garealleyrasvaliseabandonnee-1536x782.jpg 1536w\" sizes=\"auto, (max-width: 1818px) 100vw, 1818px\" \/><br \/>\n&nbsp;<br \/>\n<em>Illustration du ridicule du s\u00e9curitaire \u00e0 la SNCF&#8230; Avec le <a href=\"http:\/\/www.legorafi.fr\/2019\/02\/12\/signalez-nous-tout-bagage-ou-colis-abandonne\/\">Gorafi<\/a><\/em><\/p>\n","protected":false},"excerpt":{"rendered":"<p>Signalez-nous tout colis ou bagage abandonn\u00e9. Si vous \u00eates t\u00e9moin d\u2019une situation qui pr\u00e9sente un risque pour votre<\/p>\n","protected":false},"author":1,"featured_media":2604,"comment_status":"open","ping_status":"open","sticky":false,"template":"","format":"standard","meta":{"footnotes":""},"categories":[5],"tags":[],"class_list":["post-564","post","type-post","status-publish","format-standard","has-post-thumbnail","hentry","category-ensemble"],"_links":{"self":[{"href":"https:\/\/usagers-transports.haut-allier.eu\/index.php\/wp-json\/wp\/v2\/posts\/564","targetHints":{"allow":["GET"]}}],"collection":[{"href":"https:\/\/usagers-transports.haut-allier.eu\/index.php\/wp-json\/wp\/v2\/posts"}],"about":[{"href":"https:\/\/usagers-transports.haut-allier.eu\/index.php\/wp-json\/wp\/v2\/types\/post"}],"author":[{"embeddable":true,"href":"https:\/\/usagers-transports.haut-allier.eu\/index.php\/wp-json\/wp\/v2\/users\/1"}],"replies":[{"embeddable":true,"href":"https:\/\/usagers-transports.haut-allier.eu\/index.php\/wp-json\/wp\/v2\/comments?post=564"}],"version-history":[{"count":0,"href":"https:\/\/usagers-transports.haut-allier.eu\/index.php\/wp-json\/wp\/v2\/posts\/564\/revisions"}],"wp:featuredmedia":[{"embeddable":true,"href":"https:\/\/usagers-transports.haut-allier.eu\/index.php\/wp-json\/wp\/v2\/media\/2604"}],"wp:attachment":[{"href":"https:\/\/usagers-transports.haut-allier.eu\/index.php\/wp-json\/wp\/v2\/media?parent=564"}],"wp:term":[{"taxonomy":"category","embeddable":true,"href":"https:\/\/usagers-transports.haut-allier.eu\/index.php\/wp-json\/wp\/v2\/categories?post=564"},{"taxonomy":"post_tag","embeddable":true,"href":"https:\/\/usagers-transports.haut-allier.eu\/index.php\/wp-json\/wp\/v2\/tags?post=564"}],"curies":[{"name":"wp","href":"https:\/\/api.w.org\/{rel}","templated":true}]}}