{"id":565,"date":"2019-03-07T17:06:45","date_gmt":"2019-03-07T16:06:45","guid":{"rendered":"http:\/\/5.45.101.177\/haut-allier\/usagers-transportse\/index.php\/2019\/03\/07\/monsieur-le-president-tirez-en-les565\/"},"modified":"2019-03-07T17:06:45","modified_gmt":"2019-03-07T16:06:45","slug":"monsieur-le-president-tirez-en-les565","status":"publish","type":"post","link":"https:\/\/usagers-transports.haut-allier.eu\/index.php\/2019\/03\/07\/monsieur-le-president-tirez-en-les565\/","title":{"rendered":"Monsieur le Pr\u00e9sident tirez-en les cons\u00e9quences : Virez P\u00e9py ! Vite"},"content":{"rendered":"<p>\u00ab\u00a0Macron s\u2019emporte contre la direction de la SNCF apr\u00e8s la fermeture d\u2019une ligne\u00a0\u00bb peut-on lire dans le Monde d&rsquo; aujourd&rsquo;hui. \u00abLes engagements du pr\u00e9sident de la R\u00e9publique sont aussi ceux des dirigeants de la soci\u00e9t\u00e9\u00bb ferroviaire, a-t-il soutenu devant des \u00e9lus du Grand-Est r\u00e9unis \u00e0 l\u2019Elys\u00e9e.<br \/>\n&nbsp;<br \/>\nPour \u00e9viter un nouveau baratin sans effet, Monsieur Macron, cessez de vous offusquer et demandez, si vous \u00eates bien pr\u00e9sident de ce pays, \u00e0 l&rsquo;actuel PDG de la SNCF, dont les usagers souffrent des mensonges et des mauvaises d\u00e9cisions au quotidien, d&rsquo;abord sur le r\u00e9seau ferr\u00e9 historique, de donner sa d\u00e9mission de toute URGENCE. Alors qu&rsquo;il s&rsquo;interrogeait il y a un an encore dans un autre magazine, le Point, sur le bien-fond\u00e9 de se repr\u00e9senter en 2020 \u00e0 la t\u00eate du groupe de la soci\u00e9t\u00e9 dite ferroviaire.<br \/>\n&nbsp;<br \/>\nPour rigoler si c&rsquo;en \u00e9tait comique lisez :<br \/>\n&nbsp;<br \/>\nLe Point du 7 mars 2018 : <a href=\"https:\/\/www.lepoint.fr\/societe\/sncf-pas-de-troisieme-mandat-pour-guillaume-pepy-07-03-2018-2200442_23.php\">SNCF &#8211; pas de troisi\u00e8me mandat pour Guillaume Pepy <\/a><br \/>\n&nbsp;<br \/>\nLe Monde du 7 mars 2019 : <a href=\"https:\/\/www.lemonde.fr\/economie\/article\/2019\/02\/28\/grand-debat-national-emmanuel-macron-s-emporte-contre-la-sncf_5429368_3234.html\">Macron s\u2019emporte contre la direction de la SNCF&#8230;<\/a><\/p>\n","protected":false},"excerpt":{"rendered":"<p>\u00ab\u00a0Macron s\u2019emporte contre la direction de la SNCF apr\u00e8s la fermeture d\u2019une ligne\u00a0\u00bb peut-on lire dans le Monde<\/p>\n","protected":false},"author":1,"featured_media":2606,"comment_status":"open","ping_status":"open","sticky":false,"template":"","format":"standard","meta":{"footnotes":""},"categories":[3],"tags":[],"class_list":["post-565","post","type-post","status-publish","format-standard","has-post-thumbnail","hentry","category-en-train"],"_links":{"self":[{"href":"https:\/\/usagers-transports.haut-allier.eu\/index.php\/wp-json\/wp\/v2\/posts\/565","targetHints":{"allow":["GET"]}}],"collection":[{"href":"https:\/\/usagers-transports.haut-allier.eu\/index.php\/wp-json\/wp\/v2\/posts"}],"about":[{"href":"https:\/\/usagers-transports.haut-allier.eu\/index.php\/wp-json\/wp\/v2\/types\/post"}],"author":[{"embeddable":true,"href":"https:\/\/usagers-transports.haut-allier.eu\/index.php\/wp-json\/wp\/v2\/users\/1"}],"replies":[{"embeddable":true,"href":"https:\/\/usagers-transports.haut-allier.eu\/index.php\/wp-json\/wp\/v2\/comments?post=565"}],"version-history":[{"count":0,"href":"https:\/\/usagers-transports.haut-allier.eu\/index.php\/wp-json\/wp\/v2\/posts\/565\/revisions"}],"wp:featuredmedia":[{"embeddable":true,"href":"https:\/\/usagers-transports.haut-allier.eu\/index.php\/wp-json\/wp\/v2\/media\/2606"}],"wp:attachment":[{"href":"https:\/\/usagers-transports.haut-allier.eu\/index.php\/wp-json\/wp\/v2\/media?parent=565"}],"wp:term":[{"taxonomy":"category","embeddable":true,"href":"https:\/\/usagers-transports.haut-allier.eu\/index.php\/wp-json\/wp\/v2\/categories?post=565"},{"taxonomy":"post_tag","embeddable":true,"href":"https:\/\/usagers-transports.haut-allier.eu\/index.php\/wp-json\/wp\/v2\/tags?post=565"}],"curies":[{"name":"wp","href":"https:\/\/api.w.org\/{rel}","templated":true}]}}