{"id":568,"date":"2019-03-12T20:39:20","date_gmt":"2019-03-12T19:39:20","guid":{"rendered":"http:\/\/5.45.101.177\/haut-allier\/usagers-transportse\/index.php\/2019\/03\/12\/lu-menaces-sur-la-ligne-nimes568\/"},"modified":"2019-03-12T20:39:20","modified_gmt":"2019-03-12T19:39:20","slug":"lu-menaces-sur-la-ligne-nimes568","status":"publish","type":"post","link":"https:\/\/usagers-transports.haut-allier.eu\/index.php\/2019\/03\/12\/lu-menaces-sur-la-ligne-nimes568\/","title":{"rendered":"Lu : Menaces sur la ligne N\u00eemes \u2013 Clermont-Ferrand"},"content":{"rendered":"<p>Ville, Rail et transports publie ce jour un article qui fait le point, clairement, sur l&rsquo;\u00e9tat de stagnation des discussions entre SNCF et les r\u00e9gions AURA et Occitanie afin que la ligne du train C\u00e9venol soit maintenue.<br \/>\n&nbsp;<br \/>\n<strong>Le pr\u00e9fet de Lyon est une nouvelle fois accus\u00e9 de ne pas avoir sign\u00e9 l&rsquo;avance des travaux que proposait la r\u00e9gion AuRA. On aimerait bien en savoir la raison. Des ordres du gouvernement ? Ou un manquement de la r\u00e9gion Auvergne Rh\u00f4ne Alpes ?<\/strong><br \/>\n&nbsp;<br \/>\n<img loading=\"lazy\" decoding=\"async\" class=\" aligncenter size-full wp-image-2611\" src=\"http:\/\/5.45.101.177\/haut-allier\/usagers-transportse\/wp-content\/uploads\/2019\/03\/firefox_screenshot_2019-03-12t19-22-03.820z.png\" alt=\"firefox_screenshot_2019-03-12t19-22-03.820z.png\" align=\"center\" width=\"940\" height=\"2193\" srcset=\"https:\/\/usagers-transports.haut-allier.eu\/wp-content\/uploads\/2019\/03\/firefox_screenshot_2019-03-12t19-22-03.820z.png 940w, https:\/\/usagers-transports.haut-allier.eu\/wp-content\/uploads\/2019\/03\/firefox_screenshot_2019-03-12t19-22-03.820z-129x300.png 129w, https:\/\/usagers-transports.haut-allier.eu\/wp-content\/uploads\/2019\/03\/firefox_screenshot_2019-03-12t19-22-03.820z-439x1024.png 439w, https:\/\/usagers-transports.haut-allier.eu\/wp-content\/uploads\/2019\/03\/firefox_screenshot_2019-03-12t19-22-03.820z-768x1792.png 768w, https:\/\/usagers-transports.haut-allier.eu\/wp-content\/uploads\/2019\/03\/firefox_screenshot_2019-03-12t19-22-03.820z-658x1536.png 658w, https:\/\/usagers-transports.haut-allier.eu\/wp-content\/uploads\/2019\/03\/firefox_screenshot_2019-03-12t19-22-03.820z-878x2048.png 878w\" sizes=\"auto, (max-width: 940px) 100vw, 940px\" \/><br \/>\n&nbsp;<br \/>\nL<a href=\"https:\/\/www.ville-rail-transports.com\/ferroviaire\/lignes-clermont-toujours\/\">&lsquo;<strong>article<\/strong><\/a> sur le web.<\/p>\n","protected":false},"excerpt":{"rendered":"<p>Ville, Rail et transports publie ce jour un article qui fait le point, clairement, sur l&rsquo;\u00e9tat de stagnation<\/p>\n","protected":false},"author":1,"featured_media":2610,"comment_status":"open","ping_status":"open","sticky":false,"template":"","format":"standard","meta":{"footnotes":""},"categories":[3],"tags":[],"class_list":["post-568","post","type-post","status-publish","format-standard","has-post-thumbnail","hentry","category-en-train"],"_links":{"self":[{"href":"https:\/\/usagers-transports.haut-allier.eu\/index.php\/wp-json\/wp\/v2\/posts\/568","targetHints":{"allow":["GET"]}}],"collection":[{"href":"https:\/\/usagers-transports.haut-allier.eu\/index.php\/wp-json\/wp\/v2\/posts"}],"about":[{"href":"https:\/\/usagers-transports.haut-allier.eu\/index.php\/wp-json\/wp\/v2\/types\/post"}],"author":[{"embeddable":true,"href":"https:\/\/usagers-transports.haut-allier.eu\/index.php\/wp-json\/wp\/v2\/users\/1"}],"replies":[{"embeddable":true,"href":"https:\/\/usagers-transports.haut-allier.eu\/index.php\/wp-json\/wp\/v2\/comments?post=568"}],"version-history":[{"count":0,"href":"https:\/\/usagers-transports.haut-allier.eu\/index.php\/wp-json\/wp\/v2\/posts\/568\/revisions"}],"wp:featuredmedia":[{"embeddable":true,"href":"https:\/\/usagers-transports.haut-allier.eu\/index.php\/wp-json\/wp\/v2\/media\/2610"}],"wp:attachment":[{"href":"https:\/\/usagers-transports.haut-allier.eu\/index.php\/wp-json\/wp\/v2\/media?parent=568"}],"wp:term":[{"taxonomy":"category","embeddable":true,"href":"https:\/\/usagers-transports.haut-allier.eu\/index.php\/wp-json\/wp\/v2\/categories?post=568"},{"taxonomy":"post_tag","embeddable":true,"href":"https:\/\/usagers-transports.haut-allier.eu\/index.php\/wp-json\/wp\/v2\/tags?post=568"}],"curies":[{"name":"wp","href":"https:\/\/api.w.org\/{rel}","templated":true}]}}