{"id":569,"date":"2019-03-13T22:16:47","date_gmt":"2019-03-13T21:16:47","guid":{"rendered":"http:\/\/5.45.101.177\/haut-allier\/usagers-transportse\/index.php\/2019\/03\/13\/lu-les-trains-en-danger-en569\/"},"modified":"2019-03-13T22:16:47","modified_gmt":"2019-03-13T21:16:47","slug":"lu-les-trains-en-danger-en569","status":"publish","type":"post","link":"https:\/\/usagers-transports.haut-allier.eu\/index.php\/2019\/03\/13\/lu-les-trains-en-danger-en569\/","title":{"rendered":"Lu : Les trains en danger en Auvergne"},"content":{"rendered":"<p>Un bon article \u00e0 lire sur <a href=\"https:\/\/superbougnat.fr\/les-trains-en-danger-en-auvergne\/\"><strong>Super Bougnat<\/strong><\/a> malgr\u00e9 quelques erreurs : le rapport command\u00e9 par la ministre des transports qui sera rendu public fin mars l&rsquo;a \u00e9t\u00e9 aupr\u00e8s de l&rsquo;ancien pr\u00e9fet Fran\u00e7ois Philizot et il ne s&rsquo;agit pas du rapport Spinetta, ant\u00e9rieur.<br \/>\n&nbsp;<br \/>\nUn nouveau bon r\u00e9sum\u00e9 sur l&rsquo;\u00e9tat d&rsquo;abandon des lignes auvergnates par la SNCF. L&rsquo;auteur a \u00e9labor\u00e9 sa carte des dessertes de l&rsquo;Auvergne :<br \/>\n&nbsp;<br \/>\n<img loading=\"lazy\" decoding=\"async\" class=\" aligncenter size-full wp-image-2613\" src=\"http:\/\/5.45.101.177\/haut-allier\/usagers-transportse\/wp-content\/uploads\/2019\/03\/super-bougnat-mars-2019-carte.jpg\" alt=\"super-bougnat-mars-2019-carte.jpg\" align=\"center\" width=\"822\" height=\"1034\" srcset=\"https:\/\/usagers-transports.haut-allier.eu\/wp-content\/uploads\/2019\/03\/super-bougnat-mars-2019-carte.jpg 822w, https:\/\/usagers-transports.haut-allier.eu\/wp-content\/uploads\/2019\/03\/super-bougnat-mars-2019-carte-238x300.jpg 238w, https:\/\/usagers-transports.haut-allier.eu\/wp-content\/uploads\/2019\/03\/super-bougnat-mars-2019-carte-814x1024.jpg 814w, https:\/\/usagers-transports.haut-allier.eu\/wp-content\/uploads\/2019\/03\/super-bougnat-mars-2019-carte-768x966.jpg 768w\" sizes=\"auto, (max-width: 822px) 100vw, 822px\" \/><br \/>\n&nbsp;<br \/>\nVoici l&rsquo;article qu&rsquo;on peut lire aussi sur son site :<br \/>\n&nbsp;<br \/>\n<img loading=\"lazy\" decoding=\"async\" class=\" aligncenter size-full wp-image-2614\" src=\"http:\/\/5.45.101.177\/haut-allier\/usagers-transportse\/wp-content\/uploads\/2019\/03\/super-bougnat-mars-2019-scaled.jpg\" alt=\"super-bougnat-mars-2019.jpg\" align=\"center\" width=\"320\" height=\"2560\" srcset=\"https:\/\/usagers-transports.haut-allier.eu\/wp-content\/uploads\/2019\/03\/super-bougnat-mars-2019-scaled.jpg 320w, https:\/\/usagers-transports.haut-allier.eu\/wp-content\/uploads\/2019\/03\/super-bougnat-mars-2019-128x1024.jpg 128w, https:\/\/usagers-transports.haut-allier.eu\/wp-content\/uploads\/2019\/03\/super-bougnat-mars-2019-768x6144.jpg 768w, https:\/\/usagers-transports.haut-allier.eu\/wp-content\/uploads\/2019\/03\/super-bougnat-mars-2019-192x1536.jpg 192w, https:\/\/usagers-transports.haut-allier.eu\/wp-content\/uploads\/2019\/03\/super-bougnat-mars-2019-256x2048.jpg 256w\" sizes=\"auto, (max-width: 320px) 100vw, 320px\" \/><\/p>\n","protected":false},"excerpt":{"rendered":"<p>Un bon article \u00e0 lire sur Super Bougnat malgr\u00e9 quelques erreurs : le rapport command\u00e9 par la ministre<\/p>\n","protected":false},"author":1,"featured_media":2612,"comment_status":"open","ping_status":"open","sticky":false,"template":"","format":"standard","meta":{"footnotes":""},"categories":[3],"tags":[],"class_list":["post-569","post","type-post","status-publish","format-standard","has-post-thumbnail","hentry","category-en-train"],"_links":{"self":[{"href":"https:\/\/usagers-transports.haut-allier.eu\/index.php\/wp-json\/wp\/v2\/posts\/569","targetHints":{"allow":["GET"]}}],"collection":[{"href":"https:\/\/usagers-transports.haut-allier.eu\/index.php\/wp-json\/wp\/v2\/posts"}],"about":[{"href":"https:\/\/usagers-transports.haut-allier.eu\/index.php\/wp-json\/wp\/v2\/types\/post"}],"author":[{"embeddable":true,"href":"https:\/\/usagers-transports.haut-allier.eu\/index.php\/wp-json\/wp\/v2\/users\/1"}],"replies":[{"embeddable":true,"href":"https:\/\/usagers-transports.haut-allier.eu\/index.php\/wp-json\/wp\/v2\/comments?post=569"}],"version-history":[{"count":0,"href":"https:\/\/usagers-transports.haut-allier.eu\/index.php\/wp-json\/wp\/v2\/posts\/569\/revisions"}],"wp:featuredmedia":[{"embeddable":true,"href":"https:\/\/usagers-transports.haut-allier.eu\/index.php\/wp-json\/wp\/v2\/media\/2612"}],"wp:attachment":[{"href":"https:\/\/usagers-transports.haut-allier.eu\/index.php\/wp-json\/wp\/v2\/media?parent=569"}],"wp:term":[{"taxonomy":"category","embeddable":true,"href":"https:\/\/usagers-transports.haut-allier.eu\/index.php\/wp-json\/wp\/v2\/categories?post=569"},{"taxonomy":"post_tag","embeddable":true,"href":"https:\/\/usagers-transports.haut-allier.eu\/index.php\/wp-json\/wp\/v2\/tags?post=569"}],"curies":[{"name":"wp","href":"https:\/\/api.w.org\/{rel}","templated":true}]}}