{"id":57,"date":"2013-05-07T09:04:04","date_gmt":"2013-05-07T07:04:04","guid":{"rendered":"http:\/\/5.45.101.177\/haut-allier\/usagers-transportse\/index.php\/2013\/05\/07\/initiative-intelligente-de057\/"},"modified":"2013-05-07T09:04:04","modified_gmt":"2013-05-07T07:04:04","slug":"initiative-intelligente-de057","status":"publish","type":"post","link":"https:\/\/usagers-transports.haut-allier.eu\/index.php\/2013\/05\/07\/initiative-intelligente-de057\/","title":{"rendered":"Initiative intelligente de transports \u00e0 la demande \u00e0 Langeac"},"content":{"rendered":"<p>Ca s&rsquo;appelle <a href=\"http:\/\/www.langeadois.com\/index.php?page=detail_actu&#038;id=175\">Colibri<\/a> et c&rsquo;est un nouveau service de transports \u00e0 la demande depuis le 4 f\u00e9vrier pour tous les habitants de la communaut\u00e9 de communes du Langeadois, et pour un prix modique : 4 euros l&rsquo;aller retour en mode navette, et en horaire libre 4 euros le trajet.<\/p>\n<p><img loading=\"lazy\" decoding=\"async\" class=\" aligncenter size-full wp-image-1422\" src=\"http:\/\/5.45.101.177\/haut-allier\/usagers-transportse\/wp-content\/uploads\/2013\/05\/sitecollectif1.png\" alt=\"sitecollectif1.png\" align=\"center\" width=\"498\" height=\"436\" srcset=\"https:\/\/usagers-transports.haut-allier.eu\/wp-content\/uploads\/2013\/05\/sitecollectif1.png 498w, https:\/\/usagers-transports.haut-allier.eu\/wp-content\/uploads\/2013\/05\/sitecollectif1-300x263.png 300w\" sizes=\"auto, (max-width: 498px) 100vw, 498px\" \/><\/p>\n<p><strong>Pour tous renseignements 0471772651 ou par <a href=\"mailto:cc@langeadois.com\">mail<\/a>.<\/strong><\/p>\n<p><strong>On attend la m\u00eame chose sur un territoire encore plus difficile au niveau transports et accessibilit\u00e9, le territoire de la communaut\u00e9 de communes de Cayres &#8211; Pradelles par exemple !<\/strong><\/p>\n","protected":false},"excerpt":{"rendered":"<p>Ca s&rsquo;appelle Colibri et c&rsquo;est un nouveau service de transports \u00e0 la demande depuis le 4 f\u00e9vrier pour<\/p>\n","protected":false},"author":1,"featured_media":1422,"comment_status":"closed","ping_status":"open","sticky":false,"template":"","format":"standard","meta":{"footnotes":""},"categories":[2],"tags":[],"class_list":["post-57","post","type-post","status-publish","format-standard","has-post-thumbnail","hentry","category-infos"],"_links":{"self":[{"href":"https:\/\/usagers-transports.haut-allier.eu\/index.php\/wp-json\/wp\/v2\/posts\/57","targetHints":{"allow":["GET"]}}],"collection":[{"href":"https:\/\/usagers-transports.haut-allier.eu\/index.php\/wp-json\/wp\/v2\/posts"}],"about":[{"href":"https:\/\/usagers-transports.haut-allier.eu\/index.php\/wp-json\/wp\/v2\/types\/post"}],"author":[{"embeddable":true,"href":"https:\/\/usagers-transports.haut-allier.eu\/index.php\/wp-json\/wp\/v2\/users\/1"}],"replies":[{"embeddable":true,"href":"https:\/\/usagers-transports.haut-allier.eu\/index.php\/wp-json\/wp\/v2\/comments?post=57"}],"version-history":[{"count":0,"href":"https:\/\/usagers-transports.haut-allier.eu\/index.php\/wp-json\/wp\/v2\/posts\/57\/revisions"}],"wp:featuredmedia":[{"embeddable":true,"href":"https:\/\/usagers-transports.haut-allier.eu\/index.php\/wp-json\/wp\/v2\/media\/1422"}],"wp:attachment":[{"href":"https:\/\/usagers-transports.haut-allier.eu\/index.php\/wp-json\/wp\/v2\/media?parent=57"}],"wp:term":[{"taxonomy":"category","embeddable":true,"href":"https:\/\/usagers-transports.haut-allier.eu\/index.php\/wp-json\/wp\/v2\/categories?post=57"},{"taxonomy":"post_tag","embeddable":true,"href":"https:\/\/usagers-transports.haut-allier.eu\/index.php\/wp-json\/wp\/v2\/tags?post=57"}],"curies":[{"name":"wp","href":"https:\/\/api.w.org\/{rel}","templated":true}]}}