{"id":571,"date":"2019-03-22T08:42:16","date_gmt":"2019-03-22T07:42:16","guid":{"rendered":"http:\/\/5.45.101.177\/haut-allier\/usagers-transportse\/index.php\/2019\/03\/22\/la-sncf-investit-120-millions-d571\/"},"modified":"2019-03-22T08:42:16","modified_gmt":"2019-03-22T07:42:16","slug":"la-sncf-investit-120-millions-d571","status":"publish","type":"post","link":"https:\/\/usagers-transports.haut-allier.eu\/index.php\/2019\/03\/22\/la-sncf-investit-120-millions-d571\/","title":{"rendered":"La SNCF investit 120 millions d&rsquo;euros en Limousin, 380 millions en Occitanie, et en Auvergne ???"},"content":{"rendered":"<p>Et en Auvergne c&rsquo;est le grand flou. Sans doute proche du Z\u00e9ro pour l&rsquo;entretien du r\u00e9seau.<br \/>\n&nbsp;<br \/>\nPar contre pour la r\u00e9g\u00e9n\u00e9ration en Occitanie 380 millions d&rsquo;euros comme les ann\u00e9es pr\u00e9c\u00e9dentes :<br \/>\n&nbsp;<br \/>\nVille-Rail-Transports : <a href=\"https:\/\/www.ville-rail-transports.com\/ferroviaire\/millions-dinvestissements-loccitanie\/\"><strong>380 millions d\u2019investissements pour l\u2019Occitanie<\/strong><\/a><br \/>\n&nbsp;<br \/>\nPar contre en Limousin 120 millions d&rsquo;euros :<br \/>\n&nbsp;<br \/>\nFrance Bleu : <a href=\"https:\/\/www.francebleu.fr\/infos\/transports\/sncf-reseau-va-investir-120-millions-d-euros-cette-annee-en-limousin-1548265718\"><strong>SNCF R\u00e9seau va investir 120 millions d&rsquo;euros cette ann\u00e9e en Limousin<br \/>\n<\/strong><\/a><br \/>\n&nbsp;<br \/>\nPar contre en Bourgogne France Comt\u00e9 : 183 millions d&rsquo;euros<br \/>\n&nbsp;<br \/>\nFrance 3 : <a href=\"https:\/\/france3-regions.francetvinfo.fr\/bourgogne-franche-comte\/cote-d-or\/dijon\/sncf-183-millions-euros-travaux-2019-bourgogne-franche-comte-1602651.html\"><strong>SNCF &#8211; 183 millions d&rsquo;euros de travaux en 2019 en Bourgogne-Franche-Comt\u00e9<\/strong><\/a><br \/>\n&nbsp;<br \/>\n<strong>Et grand silence pour l&rsquo;ex Auvergne. Tr\u00e8s significatif des relations qu&rsquo;a su entretenir Wauquiez avec la SNCF.<\/strong><\/p>\n","protected":false},"excerpt":{"rendered":"<p>Et en Auvergne c&rsquo;est le grand flou. Sans doute proche du Z\u00e9ro pour l&rsquo;entretien du r\u00e9seau. &nbsp; Par<\/p>\n","protected":false},"author":1,"featured_media":2616,"comment_status":"open","ping_status":"open","sticky":false,"template":"","format":"standard","meta":{"footnotes":""},"categories":[3],"tags":[],"class_list":["post-571","post","type-post","status-publish","format-standard","has-post-thumbnail","hentry","category-en-train"],"_links":{"self":[{"href":"https:\/\/usagers-transports.haut-allier.eu\/index.php\/wp-json\/wp\/v2\/posts\/571","targetHints":{"allow":["GET"]}}],"collection":[{"href":"https:\/\/usagers-transports.haut-allier.eu\/index.php\/wp-json\/wp\/v2\/posts"}],"about":[{"href":"https:\/\/usagers-transports.haut-allier.eu\/index.php\/wp-json\/wp\/v2\/types\/post"}],"author":[{"embeddable":true,"href":"https:\/\/usagers-transports.haut-allier.eu\/index.php\/wp-json\/wp\/v2\/users\/1"}],"replies":[{"embeddable":true,"href":"https:\/\/usagers-transports.haut-allier.eu\/index.php\/wp-json\/wp\/v2\/comments?post=571"}],"version-history":[{"count":0,"href":"https:\/\/usagers-transports.haut-allier.eu\/index.php\/wp-json\/wp\/v2\/posts\/571\/revisions"}],"wp:featuredmedia":[{"embeddable":true,"href":"https:\/\/usagers-transports.haut-allier.eu\/index.php\/wp-json\/wp\/v2\/media\/2616"}],"wp:attachment":[{"href":"https:\/\/usagers-transports.haut-allier.eu\/index.php\/wp-json\/wp\/v2\/media?parent=571"}],"wp:term":[{"taxonomy":"category","embeddable":true,"href":"https:\/\/usagers-transports.haut-allier.eu\/index.php\/wp-json\/wp\/v2\/categories?post=571"},{"taxonomy":"post_tag","embeddable":true,"href":"https:\/\/usagers-transports.haut-allier.eu\/index.php\/wp-json\/wp\/v2\/tags?post=571"}],"curies":[{"name":"wp","href":"https:\/\/api.w.org\/{rel}","templated":true}]}}