{"id":573,"date":"2019-04-01T08:06:58","date_gmt":"2019-04-01T06:06:58","guid":{"rendered":"http:\/\/5.45.101.177\/haut-allier\/usagers-transportse\/index.php\/2019\/04\/01\/a-la-sncf-on-ferme-a-tour-de-bras573\/"},"modified":"2019-04-01T08:06:58","modified_gmt":"2019-04-01T06:06:58","slug":"a-la-sncf-on-ferme-a-tour-de-bras573","status":"publish","type":"post","link":"https:\/\/usagers-transports.haut-allier.eu\/index.php\/2019\/04\/01\/a-la-sncf-on-ferme-a-tour-de-bras573\/","title":{"rendered":"A la SNCF on ferme \u00e0 tour de bras ! Apr\u00e8s les lignes d&rsquo;Auvergne, tous les guichets"},"content":{"rendered":"<p>Et les seuls restants de Haute-Loire devraient \u00eatre \u00e9limin\u00e9s d\u00e8s 2020.<br \/>\n&nbsp;<br \/>\nLe bilan dans l&rsquo;Allier, dans le Cantal, dans le Puy de D\u00f4me et en Haute-Loire avec Emmanuel Moreau de France Bleu Pays d&rsquo;Auvergne.<br \/>\n&nbsp;<br \/>\n<a href=\"https:\/\/www.francebleu.fr\/infos\/transports\/sncf-des-gares-de-l-allier-sans-guichets-sursis-pour-les-gares-de-haute-loire-1554023568\"><strong>SNCF : des gares de l&rsquo;Allier sans guichets, sursis pour les gares de Haute-Loire<\/strong><\/a><\/p>\n","protected":false},"excerpt":{"rendered":"<p>Et les seuls restants de Haute-Loire devraient \u00eatre \u00e9limin\u00e9s d\u00e8s 2020. &nbsp; Le bilan dans l&rsquo;Allier, dans le<\/p>\n","protected":false},"author":1,"featured_media":2621,"comment_status":"open","ping_status":"open","sticky":false,"template":"","format":"standard","meta":{"footnotes":""},"categories":[3],"tags":[],"class_list":["post-573","post","type-post","status-publish","format-standard","has-post-thumbnail","hentry","category-en-train"],"_links":{"self":[{"href":"https:\/\/usagers-transports.haut-allier.eu\/index.php\/wp-json\/wp\/v2\/posts\/573","targetHints":{"allow":["GET"]}}],"collection":[{"href":"https:\/\/usagers-transports.haut-allier.eu\/index.php\/wp-json\/wp\/v2\/posts"}],"about":[{"href":"https:\/\/usagers-transports.haut-allier.eu\/index.php\/wp-json\/wp\/v2\/types\/post"}],"author":[{"embeddable":true,"href":"https:\/\/usagers-transports.haut-allier.eu\/index.php\/wp-json\/wp\/v2\/users\/1"}],"replies":[{"embeddable":true,"href":"https:\/\/usagers-transports.haut-allier.eu\/index.php\/wp-json\/wp\/v2\/comments?post=573"}],"version-history":[{"count":0,"href":"https:\/\/usagers-transports.haut-allier.eu\/index.php\/wp-json\/wp\/v2\/posts\/573\/revisions"}],"wp:featuredmedia":[{"embeddable":true,"href":"https:\/\/usagers-transports.haut-allier.eu\/index.php\/wp-json\/wp\/v2\/media\/2621"}],"wp:attachment":[{"href":"https:\/\/usagers-transports.haut-allier.eu\/index.php\/wp-json\/wp\/v2\/media?parent=573"}],"wp:term":[{"taxonomy":"category","embeddable":true,"href":"https:\/\/usagers-transports.haut-allier.eu\/index.php\/wp-json\/wp\/v2\/categories?post=573"},{"taxonomy":"post_tag","embeddable":true,"href":"https:\/\/usagers-transports.haut-allier.eu\/index.php\/wp-json\/wp\/v2\/tags?post=573"}],"curies":[{"name":"wp","href":"https:\/\/api.w.org\/{rel}","templated":true}]}}