{"id":574,"date":"2019-04-02T18:56:33","date_gmt":"2019-04-02T16:56:33","guid":{"rendered":"http:\/\/5.45.101.177\/haut-allier\/usagers-transportse\/index.php\/2019\/04\/02\/la-grand-combe-chamborigaud574\/"},"modified":"2019-04-02T18:56:33","modified_gmt":"2019-04-02T16:56:33","slug":"la-grand-combe-chamborigaud574","status":"publish","type":"post","link":"https:\/\/usagers-transports.haut-allier.eu\/index.php\/2019\/04\/02\/la-grand-combe-chamborigaud574\/","title":{"rendered":"La Grand-Combe &#8211; Chamborigaud : op\u00e9ration \u00ab\u00a0Prenons le train et achetons un billet au contr\u00f4leur pour voir&#8230;\u00a0\u00bb"},"content":{"rendered":"<p>&#8230;pour voir comment la SNCF va appliquer les nouvelles directives de sa direction nationale : plus de billets achet\u00e9s dans le train sous peine d&rsquo;amendes.<br \/>\n&nbsp;<br \/>\nMais on vous le disait certaines r\u00e9gions refusent de voir appliquer ces mesures honteuses pour les usagers, dont Rh\u00f4ne Alpes Auvergne et Occitanie. On sait que malgr\u00e9 les conventions sign\u00e9es entre ces r\u00e9gions et SNCF qui exigent un achat de billet \u00e0 bord du train au m\u00eame prix qu&rsquo;en gare lorsque l&rsquo;usager provient d&rsquo;une gare sans guichet ouvert et sans distributeur,  les contr\u00f4leurs passent outre ces accords et verbalisent quand m\u00eame. Un vrai scandale que nous d\u00e9non\u00e7ons <a href=\"http:\/\/usagers-transports.haut-allier.eu\/?pas-de-guichets-pas-de,572\"><strong>ici<\/strong><\/a> et dont le Comit\u00e9 de d\u00e9fense des services publics des Hautes C\u00e9vennes compte s&#8217;emparer puisqu&rsquo;il organise une action ce <strong>vendredi 5 avril<\/strong> puisqu&rsquo;il invite \u00e0 voyager en train de Chamborigaud \u00e0 La Grand-Combe. Voici son communiqu\u00e9 :<br \/>\n&nbsp;<\/p>\n<p>[(<br \/>\n<em>Le Comit\u00e9 reprend du service actif.<br \/>\n&nbsp;<br \/>\nIl compte sur vous tous, habitants, associatifs, \u00e9lus, syndiqu\u00e9s, citoyens motiv\u00e9s.<br \/>\n&nbsp;<br \/>\nNous sommes dans notre droit.<br \/>\n&nbsp;<br \/>\nNous allons faire plier la SNCF.<br \/>\n&nbsp;<br \/>\nRefuser les amendes et les tarifs major\u00e9s<br \/>\n&nbsp;<br \/>\nNous avons eu le contact t\u00e9l\u00e9phonique avec Jean-Luc Gibelin, vice-pr\u00e9sident charg\u00e9 des transports \u00e0 la R\u00e9gion Occitanie.<br \/>\n&nbsp;<br \/>\nIl nous a confirm\u00e9 l\u2019article 32.3 de la Convention sign\u00e9e l\u2019an pass\u00e9 entre la R\u00e9gion et la SNCF.<br \/>\n&nbsp;<br \/>\n\u00ab Dans les zones sans lieu de distribution physique, la vente de titres de transport (\u00e0 bord des trains ou autocars) est r\u00e9alis\u00e9e sans suppl\u00e9ment selon les bar\u00e8mes tarifaires, lorsqu\u2019elle permet au voyageur (de bonne foi) d\u2019\u00eatre en r\u00e8gle \u00bb. La convention a pr\u00e9vu une adaptation du syst\u00e8me COSMO \u00e0 ces situations particuli\u00e8res.<br \/>\n&nbsp;<br \/>\nNous avons donc d\u00e9cid\u00e9 de passer \u00e0 l\u2019action !<br \/>\n&nbsp;<br \/>\nVendredi 5 avril, nous voyagerons en train de Chamborigaud \u00e0 La Grand-combe.<br \/>\n&nbsp;<br \/>\nChacun devra payer son billet dans le train et nous verrons bien ce qui se passera. Pr\u00e9voyez votre ch\u00e9quier et vos nez rouges.  Vous conserverez votre billet et votre ticket de caisse si on vous en a d\u00e9livr\u00e9 ! Vous remplirez une petite fiche t\u00e9moignage que nous vous fournirons.<br \/>\n&nbsp;<br \/>\nIl faut s\u2019attendre \u00e0 3 cas de figure :<br \/>\n&nbsp;<br \/>\n1.      On ne vous demande rien. C\u2019est gratuit mais pas normal.<br \/>\n&nbsp;<br \/>\n2.      On vous d\u00e9livre un billet normal comme au guichet (de 2,60 \u20ac \u00e0 3,40 \u20ac).<br \/>\n&nbsp;<br \/>\n3.      On vous met une amende et vous payez le billet plus cher ! C\u2019est pas normal et hors convention !<br \/>\n&nbsp;<br \/>\nHoraires :<br \/>\n&nbsp;<br \/>\nAller \u2026 10h 15 \u00e0 la gare de Chamborigaud. Co-voiturage au d\u00e9part du Colombier \u00e0 G\u00e9nolhac \u00e0 10h pr\u00e9cises. On fait le point sur le quai. On appose nos affiches rappelant la Convention et nos droits. Le train arrive \u00e0 10h 42. Arriv\u00e9e \u00e0 10h 59 \u00e0 La Grand-combe. Point Presse avec Midi-Libre et peut-\u00eatre d\u2019autres m\u00e9dias.<br \/>\n&nbsp;<br \/>\nRetour \u2026 12h 15 \u00e0 la gare de La Grand-combe. M\u00eame comportement et recueil des t\u00e9moignages. Arriv\u00e9e \u00e0 Chamborigaud \u00e0 12h 35.<br \/>\n&nbsp;<br \/>\nDans ces laps de temps, on vous aura donn\u00e9 des consignes pour d\u2019autres actions sur ce tron\u00e7on de ligne (G\u00e9nolhac-Chamborigaud-La Grand-combe).<br \/>\n&nbsp;<br \/>\nDites-nous votre intention de participer \u00e0 cette 1\u00e8re action et \u00e9ventuellement \u00e0 d\u2019autres. Il nous faut des volontaires pour \u00e0 partir du 8 avril.<br \/>\n&nbsp;<br \/>\nCoordonn\u00e9es t\u00e9l\u00e9phoniques<br \/>\n&nbsp;<br \/>\n04 66 61 42 30 ou 04 66 61 14 83 \u2026 MTB<br \/>\n&nbsp;<br \/>\n06 88 66 42 72 ou 06 01 73 90 15 \u2026 AJ<br \/>\n<\/em><\/p>\n<p>)]<\/p>\n<p>Par ailleurs le Comit\u00e9 a \u00e9crit au directeur r\u00e9gional de SNCF Occitanie ici :<br \/>\n&nbsp;<br \/>\n<a href=\"http:\/\/5.45.101.177\/haut-allier\/usagers-transportse\/wp-content\/uploads\/2019\/04\/lettre-genolhac-a-sncf.doc\">lettre-genolhac-a-sncf.doc<\/a><br \/>\n&nbsp;<br \/>\nEt le collectif de d\u00e9fense de la gare de Villefort vient aussi de lui \u00e9crire ici :<br \/>\n&nbsp;<br \/>\n<a href=\"http:\/\/5.45.101.177\/haut-allier\/usagers-transportse\/wp-content\/uploads\/2019\/04\/courrierdelamairiedevillefortalasncf.pdf\">courrierdelamairiedevillefortalasncf.pdf<\/a><br \/>\n&nbsp;<\/p>\n<p><strong>Dans la presse :<\/strong><br \/>\n&nbsp;<br \/>\nMidi LIbre du 3 avril 2020 :<br \/>\n&nbsp;<br \/>\n<img loading=\"lazy\" decoding=\"async\" class=\" aligncenter size-full wp-image-2625\" src=\"http:\/\/5.45.101.177\/haut-allier\/usagers-transportse\/wp-content\/uploads\/2019\/04\/screenshot-2019-4-3_gard_des_passagers_du_ter_paient_un_surcout_pour_leur_bonne_foi.jpg\" alt=\"screenshot-2019-4-3_gard_des_passagers_du_ter_paient_un_surcout_pour_leur_bonne_foi.jpg\" align=\"center\" width=\"908\" height=\"1657\" srcset=\"https:\/\/usagers-transports.haut-allier.eu\/wp-content\/uploads\/2019\/04\/screenshot-2019-4-3_gard_des_passagers_du_ter_paient_un_surcout_pour_leur_bonne_foi.jpg 908w, https:\/\/usagers-transports.haut-allier.eu\/wp-content\/uploads\/2019\/04\/screenshot-2019-4-3_gard_des_passagers_du_ter_paient_un_surcout_pour_leur_bonne_foi-164x300.jpg 164w, https:\/\/usagers-transports.haut-allier.eu\/wp-content\/uploads\/2019\/04\/screenshot-2019-4-3_gard_des_passagers_du_ter_paient_un_surcout_pour_leur_bonne_foi-561x1024.jpg 561w, https:\/\/usagers-transports.haut-allier.eu\/wp-content\/uploads\/2019\/04\/screenshot-2019-4-3_gard_des_passagers_du_ter_paient_un_surcout_pour_leur_bonne_foi-768x1402.jpg 768w, https:\/\/usagers-transports.haut-allier.eu\/wp-content\/uploads\/2019\/04\/screenshot-2019-4-3_gard_des_passagers_du_ter_paient_un_surcout_pour_leur_bonne_foi-842x1536.jpg 842w\" sizes=\"auto, (max-width: 908px) 100vw, 908px\" \/><\/p>\n","protected":false},"excerpt":{"rendered":"<p>&#8230;pour voir comment la SNCF va appliquer les nouvelles directives de sa direction nationale : plus de billets<\/p>\n","protected":false},"author":1,"featured_media":2622,"comment_status":"open","ping_status":"open","sticky":false,"template":"","format":"standard","meta":{"footnotes":""},"categories":[3],"tags":[],"class_list":["post-574","post","type-post","status-publish","format-standard","has-post-thumbnail","hentry","category-en-train"],"_links":{"self":[{"href":"https:\/\/usagers-transports.haut-allier.eu\/index.php\/wp-json\/wp\/v2\/posts\/574","targetHints":{"allow":["GET"]}}],"collection":[{"href":"https:\/\/usagers-transports.haut-allier.eu\/index.php\/wp-json\/wp\/v2\/posts"}],"about":[{"href":"https:\/\/usagers-transports.haut-allier.eu\/index.php\/wp-json\/wp\/v2\/types\/post"}],"author":[{"embeddable":true,"href":"https:\/\/usagers-transports.haut-allier.eu\/index.php\/wp-json\/wp\/v2\/users\/1"}],"replies":[{"embeddable":true,"href":"https:\/\/usagers-transports.haut-allier.eu\/index.php\/wp-json\/wp\/v2\/comments?post=574"}],"version-history":[{"count":0,"href":"https:\/\/usagers-transports.haut-allier.eu\/index.php\/wp-json\/wp\/v2\/posts\/574\/revisions"}],"wp:featuredmedia":[{"embeddable":true,"href":"https:\/\/usagers-transports.haut-allier.eu\/index.php\/wp-json\/wp\/v2\/media\/2622"}],"wp:attachment":[{"href":"https:\/\/usagers-transports.haut-allier.eu\/index.php\/wp-json\/wp\/v2\/media?parent=574"}],"wp:term":[{"taxonomy":"category","embeddable":true,"href":"https:\/\/usagers-transports.haut-allier.eu\/index.php\/wp-json\/wp\/v2\/categories?post=574"},{"taxonomy":"post_tag","embeddable":true,"href":"https:\/\/usagers-transports.haut-allier.eu\/index.php\/wp-json\/wp\/v2\/tags?post=574"}],"curies":[{"name":"wp","href":"https:\/\/api.w.org\/{rel}","templated":true}]}}