{"id":575,"date":"2019-04-02T20:01:12","date_gmt":"2019-04-02T18:01:12","guid":{"rendered":"http:\/\/5.45.101.177\/haut-allier\/usagers-transportse\/index.php\/2019\/04\/02\/coupure-de-plus-de-deux-mois-de-la575\/"},"modified":"2019-04-02T20:01:12","modified_gmt":"2019-04-02T18:01:12","slug":"coupure-de-plus-de-deux-mois-de-la575","status":"publish","type":"post","link":"https:\/\/usagers-transports.haut-allier.eu\/index.php\/2019\/04\/02\/coupure-de-plus-de-deux-mois-de-la575\/","title":{"rendered":"Coupure de plus de deux mois de la ligne du train C\u00e9venol entre Langeac et Langogne : de tr\u00e8s gros travaux SNCF !"},"content":{"rendered":"<p>Nous doutions un peu de la teneur des travaux que s&rsquo;appr\u00eate \u00e0 effectuer la SNCF entre Langeac et Langogne et nous l&rsquo;avions donc interrog\u00e9 sur ce point.<br \/>\n&nbsp;<br \/>\nLa r\u00e9ponse nous parvient \u00e0 l&rsquo;instant du directeur de la \u00ab\u00a0communication et du dialogue territorial\u00a0\u00bb :<br \/>\n&nbsp;<\/p>\n<p>[(<br \/>\n<em> <strong>Je viens vers vous suit au courriel que vous avez adress\u00e9 \u00e0 Monsieur Thomas Allary relatif aux travaux \u00e0 venir sur la ligne du C\u00e9venol. La coupure du 7 avril au 15 juin est destin\u00e9e \u00e0 des travaux de grosse maintenance.<br \/>\n&nbsp;<br \/>\nPour l\u2019essentiel, les travaux vont concerner le poste de Langeac, le remplacement de c\u00e2bles, des travaux d&rsquo;entretien sur 7 tunnels, 4 op\u00e9rations d&rsquo;entretien Ouvrages d\u2019Art, la maintenance des filets dans leur composante SE (signalisation \u2013 \u00e9lectricit\u00e9), le rechargement d\u2019about et ballastage, ainsi que divers travaux d\u2019entretien d\u2019ouvrages en terre et abords. <\/strong>  <\/em><br \/>\n )]<\/p>\n<p>&nbsp;<br \/>\n<strong>All\u00e9luia All\u00e9luia puisque nous craignions que l&rsquo;absence de financement de la r\u00e9gion Auvergne Rh\u00f4ne Alpes ne nuise \u00e0 leur bon d\u00e9roulement. Il n&rsquo;y aura donc aucune bonne raison de fermer la ligne des C\u00e9vennes fin 2020 avec tous ces gros travaux. Nous pourrons donc f\u00eater dignement et avec force ses <a href=\"http:\/\/150anstraincevenol.info\"><em>150 ans en ao\u00fbt 2020<\/em><\/a> ! <\/strong> <\/p>\n","protected":false},"excerpt":{"rendered":"<p>Nous doutions un peu de la teneur des travaux que s&rsquo;appr\u00eate \u00e0 effectuer la SNCF entre Langeac et<\/p>\n","protected":false},"author":1,"featured_media":2626,"comment_status":"open","ping_status":"open","sticky":false,"template":"","format":"standard","meta":{"footnotes":""},"categories":[3],"tags":[],"class_list":["post-575","post","type-post","status-publish","format-standard","has-post-thumbnail","hentry","category-en-train"],"_links":{"self":[{"href":"https:\/\/usagers-transports.haut-allier.eu\/index.php\/wp-json\/wp\/v2\/posts\/575","targetHints":{"allow":["GET"]}}],"collection":[{"href":"https:\/\/usagers-transports.haut-allier.eu\/index.php\/wp-json\/wp\/v2\/posts"}],"about":[{"href":"https:\/\/usagers-transports.haut-allier.eu\/index.php\/wp-json\/wp\/v2\/types\/post"}],"author":[{"embeddable":true,"href":"https:\/\/usagers-transports.haut-allier.eu\/index.php\/wp-json\/wp\/v2\/users\/1"}],"replies":[{"embeddable":true,"href":"https:\/\/usagers-transports.haut-allier.eu\/index.php\/wp-json\/wp\/v2\/comments?post=575"}],"version-history":[{"count":0,"href":"https:\/\/usagers-transports.haut-allier.eu\/index.php\/wp-json\/wp\/v2\/posts\/575\/revisions"}],"wp:featuredmedia":[{"embeddable":true,"href":"https:\/\/usagers-transports.haut-allier.eu\/index.php\/wp-json\/wp\/v2\/media\/2626"}],"wp:attachment":[{"href":"https:\/\/usagers-transports.haut-allier.eu\/index.php\/wp-json\/wp\/v2\/media?parent=575"}],"wp:term":[{"taxonomy":"category","embeddable":true,"href":"https:\/\/usagers-transports.haut-allier.eu\/index.php\/wp-json\/wp\/v2\/categories?post=575"},{"taxonomy":"post_tag","embeddable":true,"href":"https:\/\/usagers-transports.haut-allier.eu\/index.php\/wp-json\/wp\/v2\/tags?post=575"}],"curies":[{"name":"wp","href":"https:\/\/api.w.org\/{rel}","templated":true}]}}