{"id":576,"date":"2019-04-03T18:48:19","date_gmt":"2019-04-03T16:48:19","guid":{"rendered":"http:\/\/5.45.101.177\/haut-allier\/usagers-transportse\/index.php\/2019\/04\/03\/la-sncf-va-supprimer-tous-ses576\/"},"modified":"2019-04-03T18:48:19","modified_gmt":"2019-04-03T16:48:19","slug":"la-sncf-va-supprimer-tous-ses576","status":"publish","type":"post","link":"https:\/\/usagers-transports.haut-allier.eu\/index.php\/2019\/04\/03\/la-sncf-va-supprimer-tous-ses576\/","title":{"rendered":"La SNCF va supprimer tous ses guichets : poisson d&rsquo;avril ou tr\u00e8s l\u00e9g\u00e8re anticipation ?"},"content":{"rendered":"<p>S\u00fbrement une pr\u00e9monition puisque la plupart des mesures cit\u00e9es dans l&rsquo;article ci-dessous sont d\u00e9j\u00e0 en place. Savourez, ce n&rsquo;est plus de la science-fiction :<br \/>\n&nbsp;<br \/>\n<img loading=\"lazy\" decoding=\"async\" class=\" aligncenter size-full wp-image-2628\" src=\"http:\/\/5.45.101.177\/haut-allier\/usagers-transportse\/wp-content\/uploads\/2019\/04\/screenshot-2019-4-3_la_sncf_va_supprimer_tous_ses_guichets.jpg\" alt=\"screenshot-2019-4-3_la_sncf_va_supprimer_tous_ses_guichets.jpg\" align=\"center\" width=\"787\" height=\"1318\" srcset=\"https:\/\/usagers-transports.haut-allier.eu\/wp-content\/uploads\/2019\/04\/screenshot-2019-4-3_la_sncf_va_supprimer_tous_ses_guichets.jpg 787w, https:\/\/usagers-transports.haut-allier.eu\/wp-content\/uploads\/2019\/04\/screenshot-2019-4-3_la_sncf_va_supprimer_tous_ses_guichets-179x300.jpg 179w, https:\/\/usagers-transports.haut-allier.eu\/wp-content\/uploads\/2019\/04\/screenshot-2019-4-3_la_sncf_va_supprimer_tous_ses_guichets-611x1024.jpg 611w, https:\/\/usagers-transports.haut-allier.eu\/wp-content\/uploads\/2019\/04\/screenshot-2019-4-3_la_sncf_va_supprimer_tous_ses_guichets-768x1286.jpg 768w\" sizes=\"auto, (max-width: 787px) 100vw, 787px\" \/><\/p>\n<p>&nbsp;<br \/>\nL&rsquo;<a href=\"http:\/\/carfree.fr\/index.php\/2019\/04\/01\/la-sncf-va-supprimer-tous-ses-guichets\/\"><strong>article sur le site de Carfree<\/strong><\/a>.<\/p>\n","protected":false},"excerpt":{"rendered":"<p>S\u00fbrement une pr\u00e9monition puisque la plupart des mesures cit\u00e9es dans l&rsquo;article ci-dessous sont d\u00e9j\u00e0 en place. Savourez, ce<\/p>\n","protected":false},"author":1,"featured_media":2627,"comment_status":"open","ping_status":"open","sticky":false,"template":"","format":"standard","meta":{"footnotes":""},"categories":[3],"tags":[],"class_list":["post-576","post","type-post","status-publish","format-standard","has-post-thumbnail","hentry","category-en-train"],"_links":{"self":[{"href":"https:\/\/usagers-transports.haut-allier.eu\/index.php\/wp-json\/wp\/v2\/posts\/576","targetHints":{"allow":["GET"]}}],"collection":[{"href":"https:\/\/usagers-transports.haut-allier.eu\/index.php\/wp-json\/wp\/v2\/posts"}],"about":[{"href":"https:\/\/usagers-transports.haut-allier.eu\/index.php\/wp-json\/wp\/v2\/types\/post"}],"author":[{"embeddable":true,"href":"https:\/\/usagers-transports.haut-allier.eu\/index.php\/wp-json\/wp\/v2\/users\/1"}],"replies":[{"embeddable":true,"href":"https:\/\/usagers-transports.haut-allier.eu\/index.php\/wp-json\/wp\/v2\/comments?post=576"}],"version-history":[{"count":0,"href":"https:\/\/usagers-transports.haut-allier.eu\/index.php\/wp-json\/wp\/v2\/posts\/576\/revisions"}],"wp:featuredmedia":[{"embeddable":true,"href":"https:\/\/usagers-transports.haut-allier.eu\/index.php\/wp-json\/wp\/v2\/media\/2627"}],"wp:attachment":[{"href":"https:\/\/usagers-transports.haut-allier.eu\/index.php\/wp-json\/wp\/v2\/media?parent=576"}],"wp:term":[{"taxonomy":"category","embeddable":true,"href":"https:\/\/usagers-transports.haut-allier.eu\/index.php\/wp-json\/wp\/v2\/categories?post=576"},{"taxonomy":"post_tag","embeddable":true,"href":"https:\/\/usagers-transports.haut-allier.eu\/index.php\/wp-json\/wp\/v2\/tags?post=576"}],"curies":[{"name":"wp","href":"https:\/\/api.w.org\/{rel}","templated":true}]}}