{"id":577,"date":"2019-04-05T07:07:07","date_gmt":"2019-04-05T05:07:07","guid":{"rendered":"http:\/\/5.45.101.177\/haut-allier\/usagers-transportse\/index.php\/2019\/04\/05\/sur-la-ligne-de-l-aubrac-on577\/"},"modified":"2019-04-05T07:07:07","modified_gmt":"2019-04-05T05:07:07","slug":"sur-la-ligne-de-l-aubrac-on577","status":"publish","type":"post","link":"https:\/\/usagers-transports.haut-allier.eu\/index.php\/2019\/04\/05\/sur-la-ligne-de-l-aubrac-on577\/","title":{"rendered":"Sur la ligne de l&rsquo;Aubrac on manifeste le 13 avril \u00e0 S\u00e8verac"},"content":{"rendered":"<p>Pendant ce temps le Comit\u00e9 Pluraliste donne rendez-vous \u00e0 tous ceux qui le veulent et aux \u00e9lus \u00ab\u00a0avec leurs \u00e9charpes tricolores\u00a0\u00bb \u00e0 S\u00e8verac le Ch\u00e2teau Samedi 13 avril pour protester contre la fermeture des guichets, les travaux des lignes qui n&rsquo;avancent pas etc.<br \/>\n&nbsp;<br \/>\n<img loading=\"lazy\" decoding=\"async\" class=\" aligncenter size-full wp-image-2630\" src=\"http:\/\/5.45.101.177\/haut-allier\/usagers-transportse\/wp-content\/uploads\/2019\/04\/rassemblement-severac13042019.jpg\" alt=\"rassemblement-severac13042019.jpg\" align=\"center\" width=\"562\" height=\"795\" srcset=\"https:\/\/usagers-transports.haut-allier.eu\/wp-content\/uploads\/2019\/04\/rassemblement-severac13042019.jpg 562w, https:\/\/usagers-transports.haut-allier.eu\/wp-content\/uploads\/2019\/04\/rassemblement-severac13042019-212x300.jpg 212w\" sizes=\"auto, (max-width: 562px) 100vw, 562px\" \/><\/p>\n","protected":false},"excerpt":{"rendered":"<p>Pendant ce temps le Comit\u00e9 Pluraliste donne rendez-vous \u00e0 tous ceux qui le veulent et aux \u00e9lus \u00ab\u00a0avec<\/p>\n","protected":false},"author":1,"featured_media":2629,"comment_status":"open","ping_status":"open","sticky":false,"template":"","format":"standard","meta":{"footnotes":""},"categories":[3],"tags":[],"class_list":["post-577","post","type-post","status-publish","format-standard","has-post-thumbnail","hentry","category-en-train"],"_links":{"self":[{"href":"https:\/\/usagers-transports.haut-allier.eu\/index.php\/wp-json\/wp\/v2\/posts\/577","targetHints":{"allow":["GET"]}}],"collection":[{"href":"https:\/\/usagers-transports.haut-allier.eu\/index.php\/wp-json\/wp\/v2\/posts"}],"about":[{"href":"https:\/\/usagers-transports.haut-allier.eu\/index.php\/wp-json\/wp\/v2\/types\/post"}],"author":[{"embeddable":true,"href":"https:\/\/usagers-transports.haut-allier.eu\/index.php\/wp-json\/wp\/v2\/users\/1"}],"replies":[{"embeddable":true,"href":"https:\/\/usagers-transports.haut-allier.eu\/index.php\/wp-json\/wp\/v2\/comments?post=577"}],"version-history":[{"count":0,"href":"https:\/\/usagers-transports.haut-allier.eu\/index.php\/wp-json\/wp\/v2\/posts\/577\/revisions"}],"wp:featuredmedia":[{"embeddable":true,"href":"https:\/\/usagers-transports.haut-allier.eu\/index.php\/wp-json\/wp\/v2\/media\/2629"}],"wp:attachment":[{"href":"https:\/\/usagers-transports.haut-allier.eu\/index.php\/wp-json\/wp\/v2\/media?parent=577"}],"wp:term":[{"taxonomy":"category","embeddable":true,"href":"https:\/\/usagers-transports.haut-allier.eu\/index.php\/wp-json\/wp\/v2\/categories?post=577"},{"taxonomy":"post_tag","embeddable":true,"href":"https:\/\/usagers-transports.haut-allier.eu\/index.php\/wp-json\/wp\/v2\/tags?post=577"}],"curies":[{"name":"wp","href":"https:\/\/api.w.org\/{rel}","templated":true}]}}