{"id":580,"date":"2019-04-09T07:39:00","date_gmt":"2019-04-09T05:39:00","guid":{"rendered":"http:\/\/5.45.101.177\/haut-allier\/usagers-transportse\/index.php\/2019\/04\/09\/la-grand-combe-chamborigaud580\/"},"modified":"2019-04-09T07:39:00","modified_gmt":"2019-04-09T05:39:00","slug":"la-grand-combe-chamborigaud580","status":"publish","type":"post","link":"https:\/\/usagers-transports.haut-allier.eu\/index.php\/2019\/04\/09\/la-grand-combe-chamborigaud580\/","title":{"rendered":"La Grand Combe Chamborigaud : op\u00e9ration r\u00e9ussie pour les usagers"},"content":{"rendered":"<p><em>Le Comit\u00e9 de d\u00e9fense des services publics et des usagers dans les Hautes C\u00e9vennes communique : <\/em><br \/>\n&nbsp;<br \/>\nOn remercie tous les participants tr\u00e8s vivement pour votre pr\u00e9sence et la r\u00e9ussite de cette op\u00e9ration \u00ab V\u00e9rit\u00e9 \u00bb.<br \/>\n&nbsp;<br \/>\nSignalez-vous si vous \u00eates volontaire pour la poursuivre dans l\u2019anonymat avec les cars qui vont remplacer les trains jusqu\u2019\u00e0 la mi-juin pour cause de travaux.<br \/>\n&nbsp;<br \/>\nOn vous fait le cadeau de quelques photos souvenirs que vous pouvez bien s\u00fbr diffuser le plus possible aux personnes susceptibles d\u2019\u00eatre int\u00e9ress\u00e9es par nos actions citoyennes.<br \/>\n&nbsp;<br \/>\nOn vous demande surtout, tr\u00e8s rapidement, de nous faire parvenir vos t\u00e9moignages et copies de vos billets, tickets de caisse, etc\u2026 Indiquez bien sur votre t\u00e9moignage votre identit\u00e9, la date et le parcours, et d\u2019\u00e9ventuels commentaires.<br \/>\n&nbsp;<br \/>\nPar couriel : a.joffart@wanadoo.fr<br \/>\n&nbsp;<br \/>\nPar courrier postal :<br \/>\nComit\u00e9 de d\u00e9fense des services publics et des usagers dans les Hautes C\u00e9vennes<br \/>\n&nbsp;<br \/>\nChez Marie-Th\u00e9r\u00e8se Bonnefoy \/ 30530 Chamborigaud<br \/>\n&nbsp;<br \/>\nNous adressons des remerciements chaleureux aux \u00e9lus de Chamborigaud, Vialas, Le Chambon et G\u00e9nolhac ainsi qu\u2019aux repr\u00e9sentants des syndiqu\u00e9s cheminots.<br \/>\n&nbsp;<br \/>\nNous remercions \u00e9galement tous ceux qui nous donnent tr\u00e8s souvent des informations importantes et pr\u00e9cieuses pour la permanence de nos luttes.<br \/>\n&nbsp;<br \/>\nNous allons tr\u00e8s rapidement envoyer d\u00e9j\u00e0 un bref compte-rendu \u00e0 Jean-Luc Gibelin avec quelques photos ainsi qu\u2019au Sous-pr\u00e9fet d\u2019Al\u00e8s.<br \/>\n&nbsp;<br \/>\nClaude et Alain, nos tr\u00e8s chers amis disparus, auraient beaucoup appr\u00e9ci\u00e9 cette action et votre implication.<br \/>\n&nbsp;<br \/>\n<img loading=\"lazy\" decoding=\"async\" class=\" aligncenter size-full wp-image-2637\" src=\"http:\/\/5.45.101.177\/haut-allier\/usagers-transportse\/wp-content\/uploads\/2019\/04\/ils_ont_voyage_plus_cher_ou_gratuitement.jpg\" alt=\"ils_ont_voyage_plus_cher_ou_gratuitement.jpg\" align=\"center\" width=\"2450\" height=\"1385\" srcset=\"https:\/\/usagers-transports.haut-allier.eu\/wp-content\/uploads\/2019\/04\/ils_ont_voyage_plus_cher_ou_gratuitement.jpg 2450w, https:\/\/usagers-transports.haut-allier.eu\/wp-content\/uploads\/2019\/04\/ils_ont_voyage_plus_cher_ou_gratuitement-300x170.jpg 300w, https:\/\/usagers-transports.haut-allier.eu\/wp-content\/uploads\/2019\/04\/ils_ont_voyage_plus_cher_ou_gratuitement-1024x579.jpg 1024w, https:\/\/usagers-transports.haut-allier.eu\/wp-content\/uploads\/2019\/04\/ils_ont_voyage_plus_cher_ou_gratuitement-768x434.jpg 768w, https:\/\/usagers-transports.haut-allier.eu\/wp-content\/uploads\/2019\/04\/ils_ont_voyage_plus_cher_ou_gratuitement-1536x868.jpg 1536w, https:\/\/usagers-transports.haut-allier.eu\/wp-content\/uploads\/2019\/04\/ils_ont_voyage_plus_cher_ou_gratuitement-2048x1158.jpg 2048w\" sizes=\"auto, (max-width: 2450px) 100vw, 2450px\" \/><br \/>\n&nbsp;<br \/>\n<img loading=\"lazy\" decoding=\"async\" class=\" aligncenter size-full wp-image-2638\" src=\"http:\/\/5.45.101.177\/haut-allier\/usagers-transportse\/wp-content\/uploads\/2019\/04\/on_aime_bien_ce_texte_d_un_adherent_du_comite_de_defense.jpg\" alt=\"on_aime_bien_ce_texte_d_un_adherent_du_comite_de_defense.jpg\" align=\"center\" width=\"2450\" height=\"1633\" srcset=\"https:\/\/usagers-transports.haut-allier.eu\/wp-content\/uploads\/2019\/04\/on_aime_bien_ce_texte_d_un_adherent_du_comite_de_defense.jpg 2450w, https:\/\/usagers-transports.haut-allier.eu\/wp-content\/uploads\/2019\/04\/on_aime_bien_ce_texte_d_un_adherent_du_comite_de_defense-300x200.jpg 300w, https:\/\/usagers-transports.haut-allier.eu\/wp-content\/uploads\/2019\/04\/on_aime_bien_ce_texte_d_un_adherent_du_comite_de_defense-1024x683.jpg 1024w, https:\/\/usagers-transports.haut-allier.eu\/wp-content\/uploads\/2019\/04\/on_aime_bien_ce_texte_d_un_adherent_du_comite_de_defense-768x512.jpg 768w, https:\/\/usagers-transports.haut-allier.eu\/wp-content\/uploads\/2019\/04\/on_aime_bien_ce_texte_d_un_adherent_du_comite_de_defense-1536x1024.jpg 1536w, https:\/\/usagers-transports.haut-allier.eu\/wp-content\/uploads\/2019\/04\/on_aime_bien_ce_texte_d_un_adherent_du_comite_de_defense-2048x1365.jpg 2048w\" sizes=\"auto, (max-width: 2450px) 100vw, 2450px\" \/><br \/>\n&nbsp;<br \/>\n<img loading=\"lazy\" decoding=\"async\" class=\" aligncenter size-full wp-image-2639\" src=\"http:\/\/5.45.101.177\/haut-allier\/usagers-transportse\/wp-content\/uploads\/2019\/04\/des_citoyens_responsables_paient_leur_billet_au_guichet_ouvert.jpg\" alt=\"des_citoyens_responsables_paient_leur_billet_au_guichet_ouvert.jpg\" align=\"center\" width=\"2450\" height=\"1633\" srcset=\"https:\/\/usagers-transports.haut-allier.eu\/wp-content\/uploads\/2019\/04\/des_citoyens_responsables_paient_leur_billet_au_guichet_ouvert.jpg 2450w, https:\/\/usagers-transports.haut-allier.eu\/wp-content\/uploads\/2019\/04\/des_citoyens_responsables_paient_leur_billet_au_guichet_ouvert-300x200.jpg 300w, https:\/\/usagers-transports.haut-allier.eu\/wp-content\/uploads\/2019\/04\/des_citoyens_responsables_paient_leur_billet_au_guichet_ouvert-1024x683.jpg 1024w, https:\/\/usagers-transports.haut-allier.eu\/wp-content\/uploads\/2019\/04\/des_citoyens_responsables_paient_leur_billet_au_guichet_ouvert-768x512.jpg 768w, https:\/\/usagers-transports.haut-allier.eu\/wp-content\/uploads\/2019\/04\/des_citoyens_responsables_paient_leur_billet_au_guichet_ouvert-1536x1024.jpg 1536w, https:\/\/usagers-transports.haut-allier.eu\/wp-content\/uploads\/2019\/04\/des_citoyens_responsables_paient_leur_billet_au_guichet_ouvert-2048x1365.jpg 2048w\" sizes=\"auto, (max-width: 2450px) 100vw, 2450px\" \/><br \/>\n&nbsp;<br \/>\n<img loading=\"lazy\" decoding=\"async\" class=\" aligncenter size-full wp-image-2640\" src=\"http:\/\/5.45.101.177\/haut-allier\/usagers-transportse\/wp-content\/uploads\/2019\/04\/ceux_qui_ont_voyage_plus_cher_5_sur_40.jpg\" alt=\"ceux_qui_ont_voyage_plus_cher_5_sur_40.jpg\" align=\"center\" width=\"2450\" height=\"1633\" srcset=\"https:\/\/usagers-transports.haut-allier.eu\/wp-content\/uploads\/2019\/04\/ceux_qui_ont_voyage_plus_cher_5_sur_40.jpg 2450w, https:\/\/usagers-transports.haut-allier.eu\/wp-content\/uploads\/2019\/04\/ceux_qui_ont_voyage_plus_cher_5_sur_40-300x200.jpg 300w, https:\/\/usagers-transports.haut-allier.eu\/wp-content\/uploads\/2019\/04\/ceux_qui_ont_voyage_plus_cher_5_sur_40-1024x683.jpg 1024w, https:\/\/usagers-transports.haut-allier.eu\/wp-content\/uploads\/2019\/04\/ceux_qui_ont_voyage_plus_cher_5_sur_40-768x512.jpg 768w, https:\/\/usagers-transports.haut-allier.eu\/wp-content\/uploads\/2019\/04\/ceux_qui_ont_voyage_plus_cher_5_sur_40-1536x1024.jpg 1536w, https:\/\/usagers-transports.haut-allier.eu\/wp-content\/uploads\/2019\/04\/ceux_qui_ont_voyage_plus_cher_5_sur_40-2048x1365.jpg 2048w\" sizes=\"auto, (max-width: 2450px) 100vw, 2450px\" \/><br \/>\n&nbsp;<br \/>\n<img loading=\"lazy\" decoding=\"async\" class=\" aligncenter size-full wp-image-2641\" src=\"http:\/\/5.45.101.177\/haut-allier\/usagers-transportse\/wp-content\/uploads\/2019\/04\/et_celui-la_aussi.jpg\" alt=\"et_celui-la_aussi.jpg\" align=\"center\" width=\"2450\" height=\"1633\" srcset=\"https:\/\/usagers-transports.haut-allier.eu\/wp-content\/uploads\/2019\/04\/et_celui-la_aussi.jpg 2450w, https:\/\/usagers-transports.haut-allier.eu\/wp-content\/uploads\/2019\/04\/et_celui-la_aussi-300x200.jpg 300w, https:\/\/usagers-transports.haut-allier.eu\/wp-content\/uploads\/2019\/04\/et_celui-la_aussi-1024x683.jpg 1024w, https:\/\/usagers-transports.haut-allier.eu\/wp-content\/uploads\/2019\/04\/et_celui-la_aussi-768x512.jpg 768w, https:\/\/usagers-transports.haut-allier.eu\/wp-content\/uploads\/2019\/04\/et_celui-la_aussi-1536x1024.jpg 1536w, https:\/\/usagers-transports.haut-allier.eu\/wp-content\/uploads\/2019\/04\/et_celui-la_aussi-2048x1365.jpg 2048w\" sizes=\"auto, (max-width: 2450px) 100vw, 2450px\" \/><br \/>\n&nbsp;<br \/>\n<em>Dans la presse :<\/em><br \/>\n&nbsp;<br \/>\nMidi Libre du 9 avril : <a href=\"https:\/\/www.midilibre.fr\/2019\/04\/05\/chamborigaud-50-usagers-testent-le-tarif-du-billet-pris-dans-le-train,8112972.php\">Gard &#8211; 50 usagers testent le tarif du billet pris dans le train \u00e0 Chamborigaud<\/a><\/p>\n","protected":false},"excerpt":{"rendered":"<p>Le Comit\u00e9 de d\u00e9fense des services publics et des usagers dans les Hautes C\u00e9vennes communique : &nbsp; On<\/p>\n","protected":false},"author":1,"featured_media":2636,"comment_status":"open","ping_status":"open","sticky":false,"template":"","format":"standard","meta":{"footnotes":""},"categories":[3],"tags":[],"class_list":["post-580","post","type-post","status-publish","format-standard","has-post-thumbnail","hentry","category-en-train"],"_links":{"self":[{"href":"https:\/\/usagers-transports.haut-allier.eu\/index.php\/wp-json\/wp\/v2\/posts\/580","targetHints":{"allow":["GET"]}}],"collection":[{"href":"https:\/\/usagers-transports.haut-allier.eu\/index.php\/wp-json\/wp\/v2\/posts"}],"about":[{"href":"https:\/\/usagers-transports.haut-allier.eu\/index.php\/wp-json\/wp\/v2\/types\/post"}],"author":[{"embeddable":true,"href":"https:\/\/usagers-transports.haut-allier.eu\/index.php\/wp-json\/wp\/v2\/users\/1"}],"replies":[{"embeddable":true,"href":"https:\/\/usagers-transports.haut-allier.eu\/index.php\/wp-json\/wp\/v2\/comments?post=580"}],"version-history":[{"count":0,"href":"https:\/\/usagers-transports.haut-allier.eu\/index.php\/wp-json\/wp\/v2\/posts\/580\/revisions"}],"wp:featuredmedia":[{"embeddable":true,"href":"https:\/\/usagers-transports.haut-allier.eu\/index.php\/wp-json\/wp\/v2\/media\/2636"}],"wp:attachment":[{"href":"https:\/\/usagers-transports.haut-allier.eu\/index.php\/wp-json\/wp\/v2\/media?parent=580"}],"wp:term":[{"taxonomy":"category","embeddable":true,"href":"https:\/\/usagers-transports.haut-allier.eu\/index.php\/wp-json\/wp\/v2\/categories?post=580"},{"taxonomy":"post_tag","embeddable":true,"href":"https:\/\/usagers-transports.haut-allier.eu\/index.php\/wp-json\/wp\/v2\/tags?post=580"}],"curies":[{"name":"wp","href":"https:\/\/api.w.org\/{rel}","templated":true}]}}