{"id":581,"date":"2019-04-09T16:46:39","date_gmt":"2019-04-09T14:46:39","guid":{"rendered":"http:\/\/5.45.101.177\/haut-allier\/usagers-transportse\/index.php\/2019\/04\/09\/le-retour-du-train-en-ardeche581\/"},"modified":"2019-04-09T16:46:39","modified_gmt":"2019-04-09T14:46:39","slug":"le-retour-du-train-en-ardeche581","status":"publish","type":"post","link":"https:\/\/usagers-transports.haut-allier.eu\/index.php\/2019\/04\/09\/le-retour-du-train-en-ardeche581\/","title":{"rendered":"Le retour du train en Ard\u00e8che annonc\u00e9 par la r\u00e9gion Auvergne Rh\u00f4ne Alpes"},"content":{"rendered":"<p>Assez incroyable annonce de la r\u00e9gion Aura et de Martine Guibert vice pr\u00e9sidente charg\u00e9e des transports : le projet porte sur la ligne Le Teil Valence-TGV en passant par les gares de Cruas, le Pouzin et Valence-Ville. 7 allers-retours quotidiens de Trains Express R\u00e9gionaux (TER) desserviraient ces gares. Le co\u00fbt global du projet s&rsquo;\u00e9l\u00e8ve \u00e0 15 millions d&rsquo;euros.<br \/>\n&nbsp;<br \/>\nLe <a href=\"https:\/\/france3-regions.francetvinfo.fr\/auvergne-rhone-alpes\/ardeche\/sncf-region-auvergne-rhone-alpes-annonce-retour-du-train-voyageur-ardeche-1652066.html\"><strong>reportage<\/strong><\/a> de France 3 Auvergne Rh\u00f4ne Alpes Lyon :<br \/>\n&nbsp;<br \/>\n<iframe loading=\"lazy\" width=\"560\" height=\"315\" src=\"https:\/\/www.youtube.com\/embed\/6GbktXsjjDY\" frameborder=\"0\" allow=\"accelerometer; autoplay; encrypted-media; gyroscope; picture-in-picture\" allowfullscreen><\/iframe><br \/>\n&nbsp;<\/p>\n","protected":false},"excerpt":{"rendered":"<p>Assez incroyable annonce de la r\u00e9gion Aura et de Martine Guibert vice pr\u00e9sidente charg\u00e9e des transports : le<\/p>\n","protected":false},"author":1,"featured_media":2642,"comment_status":"open","ping_status":"open","sticky":false,"template":"","format":"standard","meta":{"footnotes":""},"categories":[3],"tags":[],"class_list":["post-581","post","type-post","status-publish","format-standard","has-post-thumbnail","hentry","category-en-train"],"_links":{"self":[{"href":"https:\/\/usagers-transports.haut-allier.eu\/index.php\/wp-json\/wp\/v2\/posts\/581","targetHints":{"allow":["GET"]}}],"collection":[{"href":"https:\/\/usagers-transports.haut-allier.eu\/index.php\/wp-json\/wp\/v2\/posts"}],"about":[{"href":"https:\/\/usagers-transports.haut-allier.eu\/index.php\/wp-json\/wp\/v2\/types\/post"}],"author":[{"embeddable":true,"href":"https:\/\/usagers-transports.haut-allier.eu\/index.php\/wp-json\/wp\/v2\/users\/1"}],"replies":[{"embeddable":true,"href":"https:\/\/usagers-transports.haut-allier.eu\/index.php\/wp-json\/wp\/v2\/comments?post=581"}],"version-history":[{"count":0,"href":"https:\/\/usagers-transports.haut-allier.eu\/index.php\/wp-json\/wp\/v2\/posts\/581\/revisions"}],"wp:featuredmedia":[{"embeddable":true,"href":"https:\/\/usagers-transports.haut-allier.eu\/index.php\/wp-json\/wp\/v2\/media\/2642"}],"wp:attachment":[{"href":"https:\/\/usagers-transports.haut-allier.eu\/index.php\/wp-json\/wp\/v2\/media?parent=581"}],"wp:term":[{"taxonomy":"category","embeddable":true,"href":"https:\/\/usagers-transports.haut-allier.eu\/index.php\/wp-json\/wp\/v2\/categories?post=581"},{"taxonomy":"post_tag","embeddable":true,"href":"https:\/\/usagers-transports.haut-allier.eu\/index.php\/wp-json\/wp\/v2\/tags?post=581"}],"curies":[{"name":"wp","href":"https:\/\/api.w.org\/{rel}","templated":true}]}}