{"id":582,"date":"2019-04-17T11:05:30","date_gmt":"2019-04-17T09:05:30","guid":{"rendered":"http:\/\/5.45.101.177\/haut-allier\/usagers-transportse\/index.php\/2019\/04\/17\/au-bilan-catastrophique-fait-par582\/"},"modified":"2019-04-17T11:05:30","modified_gmt":"2019-04-17T09:05:30","slug":"au-bilan-catastrophique-fait-par582","status":"publish","type":"post","link":"https:\/\/usagers-transports.haut-allier.eu\/index.php\/2019\/04\/17\/au-bilan-catastrophique-fait-par582\/","title":{"rendered":"Au bilan catastrophique fait par Jean-Luc Gibelin charg\u00e9 des transports d&rsquo;Occitanie la SNCF et l&rsquo;\u00e9tat r\u00e9pondent par le d\u00e9dain"},"content":{"rendered":"<p>L&rsquo;\u00e9norme et franc coup de gueule du vice-pr\u00e9sident en charge des transports \u00e0 la r\u00e9gion Occitanie envers SNCF R\u00e9seau et l&rsquo;\u00e9tat a le m\u00e9rite d&rsquo;\u00eatre exprim\u00e9, en dehors de toute retenue impos\u00e9e par sa fonction, puisque il a \u00e9t\u00e9 publi\u00e9 sur <a href=\"http:\/\/jean-luc-gibelin.com\/les-transports-ferroviaires-en-occitanie-des-avancees-et-des-freins\/\"><strong>son blog personnel<\/strong><\/a> :<br \/>\n&nbsp;<br \/>\n<img loading=\"lazy\" decoding=\"async\" class=\" aligncenter size-full wp-image-2644\" src=\"http:\/\/5.45.101.177\/haut-allier\/usagers-transportse\/wp-content\/uploads\/2019\/04\/screenshot-2019-4-17_les_transports_ferroviaires_en_occitanie_des_avancees_et_des_freins_jean-luc_gibelin-scaled.png\" alt=\"screenshot-2019-4-17_les_transports_ferroviaires_en_occitanie_des_avancees_et_des_freins_jean-luc_gibelin.png\" align=\"center\" width=\"523\" height=\"2560\" srcset=\"https:\/\/usagers-transports.haut-allier.eu\/wp-content\/uploads\/2019\/04\/screenshot-2019-4-17_les_transports_ferroviaires_en_occitanie_des_avancees_et_des_freins_jean-luc_gibelin-scaled.png 523w, https:\/\/usagers-transports.haut-allier.eu\/wp-content\/uploads\/2019\/04\/screenshot-2019-4-17_les_transports_ferroviaires_en_occitanie_des_avancees_et_des_freins_jean-luc_gibelin-61x300.png 61w, https:\/\/usagers-transports.haut-allier.eu\/wp-content\/uploads\/2019\/04\/screenshot-2019-4-17_les_transports_ferroviaires_en_occitanie_des_avancees_et_des_freins_jean-luc_gibelin-209x1024.png 209w, https:\/\/usagers-transports.haut-allier.eu\/wp-content\/uploads\/2019\/04\/screenshot-2019-4-17_les_transports_ferroviaires_en_occitanie_des_avancees_et_des_freins_jean-luc_gibelin-768x3758.png 768w, https:\/\/usagers-transports.haut-allier.eu\/wp-content\/uploads\/2019\/04\/screenshot-2019-4-17_les_transports_ferroviaires_en_occitanie_des_avancees_et_des_freins_jean-luc_gibelin-314x1536.png 314w\" sizes=\"auto, (max-width: 523px) 100vw, 523px\" \/><br \/>\n&nbsp;<br \/>\nIl reprend tout ce que nous d\u00e9non\u00e7ons ensemble, les usagers, depuis longtemps et n&rsquo;\u00e9tonnera pas les lecteurs de ce site.<br \/>\n&nbsp;<br \/>\n<strong>A cette injonction, \u00e0 ce r\u00e9quisitoire, la SNCF r\u00e9pond qu&rsquo;elle n&rsquo;a rien \u00e0 dire<\/strong><br \/>\n&nbsp;<br \/>\nComme toujours, mutisme, opacit\u00e9 totale et poursuite des actions politiques secr\u00e8tes dict\u00e9es par l&rsquo;\u00e9narque P\u00e9py et les ministres, dans les couloirs des h\u00f4tels parisiens cossus. Le tout enrob\u00e9 pour les voyageurs par une communication fantastique et tr\u00e8s offensive, et dans les gares qui sont dans le sch\u00e9ma de d\u00e9veloppement secret mais r\u00e9el de la SNCF, de quelques amusements et saupoudrages pour occuper l&rsquo;usager : pianos, v\u00e9los de recharge de smartphones, distributeurs de po\u00e8mes. On sait plus faire rouler les trains mais on a plein d&rsquo;autres id\u00e9es g\u00e9niales d&rsquo;enfumage dans les bureaux parisiens.<br \/>\n&nbsp;<br \/>\nLe journal Midi Libre du 16 avril qui <a href=\"https:\/\/www.midilibre.fr\/2019\/04\/15\/ter-la-region-accuse-la-sncf-et-letat-de-sabotage,8132596.php\"><strong>relate la col\u00e8re<\/strong><\/a> de la r\u00e9gion Occitanie a essay\u00e9 d&rsquo;obtenir une r\u00e9action de l&rsquo;organisme qui se dit ferroviaire :<br \/>\n&nbsp;<\/p>\n<blockquote><p>La direction Occitanie de la SNCF, contact\u00e9e par \u201cMidi Libre\u201d, explique ne pas \u00ab\u00a0commenter une prise de parole politique\u00a0\u00bb<\/quote><br \/>\n&nbsp;<br \/>\nEt de l&rsquo;\u00e9tat :<br \/>\n&nbsp;<br \/>\n<quote>Quant \u00e0 l\u2019\u00c9tat, via la pr\u00e9fecture de r\u00e9gion, il dit \u00ab\u00a0ne pas avoir de commentaire \u00e0 faire sur ce sujet\u00a0\u00bb.<\/p><\/blockquote>\n<p>&nbsp;<br \/>\nVoir l&rsquo;article ci dessous \u00ab\u00a0la R\u00e9gion accuse la SNCF et l&rsquo;Etat de \u00ab\u00a0sabotage\u00a0\u00bb \u00ab\u00a0:<br \/>\n&nbsp;<br \/>\n<img loading=\"lazy\" decoding=\"async\" class=\" aligncenter size-full wp-image-2645\" src=\"http:\/\/5.45.101.177\/haut-allier\/usagers-transportse\/wp-content\/uploads\/2019\/04\/firefox_screenshot_2019-04-17t08-36-23.894z.png\" alt=\"firefox_screenshot_2019-04-17t08-36-23.894z.png\" align=\"center\" width=\"905\" height=\"2509\" srcset=\"https:\/\/usagers-transports.haut-allier.eu\/wp-content\/uploads\/2019\/04\/firefox_screenshot_2019-04-17t08-36-23.894z.png 905w, https:\/\/usagers-transports.haut-allier.eu\/wp-content\/uploads\/2019\/04\/firefox_screenshot_2019-04-17t08-36-23.894z-108x300.png 108w, https:\/\/usagers-transports.haut-allier.eu\/wp-content\/uploads\/2019\/04\/firefox_screenshot_2019-04-17t08-36-23.894z-369x1024.png 369w, https:\/\/usagers-transports.haut-allier.eu\/wp-content\/uploads\/2019\/04\/firefox_screenshot_2019-04-17t08-36-23.894z-768x2129.png 768w, https:\/\/usagers-transports.haut-allier.eu\/wp-content\/uploads\/2019\/04\/firefox_screenshot_2019-04-17t08-36-23.894z-554x1536.png 554w, https:\/\/usagers-transports.haut-allier.eu\/wp-content\/uploads\/2019\/04\/firefox_screenshot_2019-04-17t08-36-23.894z-739x2048.png 739w\" sizes=\"auto, (max-width: 905px) 100vw, 905px\" \/><br \/>\n&nbsp;<br \/>\n<strong>PEPY DEHORS VITE VITE VITE !!!<br \/>\n&nbsp;<br \/>\nEt remise \u00e0 plat de la gestion du r\u00e9seau ferr\u00e9 fran\u00e7ais VITE VITE VITE !!!<br \/>\n<\/strong><\/p>\n","protected":false},"excerpt":{"rendered":"<p>L&rsquo;\u00e9norme et franc coup de gueule du vice-pr\u00e9sident en charge des transports \u00e0 la r\u00e9gion Occitanie envers SNCF<\/p>\n","protected":false},"author":1,"featured_media":2643,"comment_status":"open","ping_status":"open","sticky":false,"template":"","format":"standard","meta":{"footnotes":""},"categories":[3],"tags":[],"class_list":["post-582","post","type-post","status-publish","format-standard","has-post-thumbnail","hentry","category-en-train"],"_links":{"self":[{"href":"https:\/\/usagers-transports.haut-allier.eu\/index.php\/wp-json\/wp\/v2\/posts\/582","targetHints":{"allow":["GET"]}}],"collection":[{"href":"https:\/\/usagers-transports.haut-allier.eu\/index.php\/wp-json\/wp\/v2\/posts"}],"about":[{"href":"https:\/\/usagers-transports.haut-allier.eu\/index.php\/wp-json\/wp\/v2\/types\/post"}],"author":[{"embeddable":true,"href":"https:\/\/usagers-transports.haut-allier.eu\/index.php\/wp-json\/wp\/v2\/users\/1"}],"replies":[{"embeddable":true,"href":"https:\/\/usagers-transports.haut-allier.eu\/index.php\/wp-json\/wp\/v2\/comments?post=582"}],"version-history":[{"count":0,"href":"https:\/\/usagers-transports.haut-allier.eu\/index.php\/wp-json\/wp\/v2\/posts\/582\/revisions"}],"wp:featuredmedia":[{"embeddable":true,"href":"https:\/\/usagers-transports.haut-allier.eu\/index.php\/wp-json\/wp\/v2\/media\/2643"}],"wp:attachment":[{"href":"https:\/\/usagers-transports.haut-allier.eu\/index.php\/wp-json\/wp\/v2\/media?parent=582"}],"wp:term":[{"taxonomy":"category","embeddable":true,"href":"https:\/\/usagers-transports.haut-allier.eu\/index.php\/wp-json\/wp\/v2\/categories?post=582"},{"taxonomy":"post_tag","embeddable":true,"href":"https:\/\/usagers-transports.haut-allier.eu\/index.php\/wp-json\/wp\/v2\/tags?post=582"}],"curies":[{"name":"wp","href":"https:\/\/api.w.org\/{rel}","templated":true}]}}