{"id":584,"date":"2019-04-23T10:24:28","date_gmt":"2019-04-23T08:24:28","guid":{"rendered":"http:\/\/5.45.101.177\/haut-allier\/usagers-transportse\/index.php\/2019\/04\/23\/ligne-sncf-clermont-ferrand-nimes584\/"},"modified":"2019-04-23T10:24:28","modified_gmt":"2019-04-23T08:24:28","slug":"ligne-sncf-clermont-ferrand-nimes584","status":"publish","type":"post","link":"https:\/\/usagers-transports.haut-allier.eu\/index.php\/2019\/04\/23\/ligne-sncf-clermont-ferrand-nimes584\/","title":{"rendered":"Ligne SNCF Clermont Ferrand N\u00eemes : l\u2019avenir de l&rsquo;axe du train C\u00e9venol inqui\u00e8te un d\u00e9put\u00e9 ard\u00e9chois"},"content":{"rendered":"<p>Le Dauphin\u00e9 Lib\u00e9r\u00e9 nous apprend que :<br \/>\n&nbsp;<br \/>\n<em>Fabrice Brun, d\u00e9put\u00e9 LR de la 3\u00e8me circonscription de l\u2019Ard\u00e8che, s\u2019inqui\u00e8te pour la mobilit\u00e9 des Ard\u00e9chois. Il vient d\u2019interpeller le gouvernement sur la n\u00e9cessit\u00e9 de conforter la ligne de train des C\u00e9vennes N\u00eemes \u2013 Clermont-Ferrand, aussi appel\u00e9e Ligne du C\u00e9venol. Il a demand\u00e9 \u00e0 la ministre des Transports de lui pr\u00e9ciser les intentions r\u00e9elles de la SNCF et de lui indiquer ce que le gouvernement entend faire pour maintenir cette liaison. Alors que l\u2019\u00c9tat finance pour 30 millions d\u2019euros trois rames neuves affect\u00e9es exclusivement \u00e0 cette ligne \u00e0 la fin de l\u2019ann\u00e9e, la SNCF a indiqu\u00e9 que \u00ab l\u2019\u00e9ch\u00e9ance de fermeture de la section Langogne \u2013 Saint-Georges-d\u2019Aurac \u00e9tait programm\u00e9e, faute de r\u00e9novation, pour 2020 \u00bb. Le d\u00e9put\u00e9 a d\u00e9j\u00e0 exprim\u00e9 ses craintes lors de l\u2019examen du projet de loi portant sur la r\u00e9forme de la SNCF. La fermeture de cette section, longue de 75 kilom\u00e8tres entre Langogne et la jonction vers Le Puy, priverait les r\u00e9gions Occitanie et Auvergne-Rh\u00f4ne-Alpes de toute relation directe.<\/em><br \/>\n&nbsp;<br \/>\nSa question \u00e9crite :<br \/>\n&nbsp;<br \/>\n<img decoding=\"async\" src=\"https:\/\/fabricebrun.fr\/wp-content\/uploads\/2019\/04\/QST-AN-15-18490QE-724x1024.jpg\" alt=\"QST-AN-15-18490QE-724x1024.jpg\" align=\"center\" \/><br \/>\n&nbsp;<br \/>\n<a href=\"https:\/\/www.ledauphine.com\/ardeche\/2019\/04\/22\/l-avenir-de-la-ligne-du-cevenol-inquiete-le-depute-fabrice-brun\"><strong>Le lien vers l&rsquo;article.<\/strong><\/a><\/p>\n","protected":false},"excerpt":{"rendered":"<p>Le Dauphin\u00e9 Lib\u00e9r\u00e9 nous apprend que : &nbsp; Fabrice Brun, d\u00e9put\u00e9 LR de la 3\u00e8me circonscription de l\u2019Ard\u00e8che,<\/p>\n","protected":false},"author":1,"featured_media":2646,"comment_status":"open","ping_status":"open","sticky":false,"template":"","format":"standard","meta":{"footnotes":""},"categories":[3],"tags":[],"class_list":["post-584","post","type-post","status-publish","format-standard","has-post-thumbnail","hentry","category-en-train"],"_links":{"self":[{"href":"https:\/\/usagers-transports.haut-allier.eu\/index.php\/wp-json\/wp\/v2\/posts\/584","targetHints":{"allow":["GET"]}}],"collection":[{"href":"https:\/\/usagers-transports.haut-allier.eu\/index.php\/wp-json\/wp\/v2\/posts"}],"about":[{"href":"https:\/\/usagers-transports.haut-allier.eu\/index.php\/wp-json\/wp\/v2\/types\/post"}],"author":[{"embeddable":true,"href":"https:\/\/usagers-transports.haut-allier.eu\/index.php\/wp-json\/wp\/v2\/users\/1"}],"replies":[{"embeddable":true,"href":"https:\/\/usagers-transports.haut-allier.eu\/index.php\/wp-json\/wp\/v2\/comments?post=584"}],"version-history":[{"count":0,"href":"https:\/\/usagers-transports.haut-allier.eu\/index.php\/wp-json\/wp\/v2\/posts\/584\/revisions"}],"wp:featuredmedia":[{"embeddable":true,"href":"https:\/\/usagers-transports.haut-allier.eu\/index.php\/wp-json\/wp\/v2\/media\/2646"}],"wp:attachment":[{"href":"https:\/\/usagers-transports.haut-allier.eu\/index.php\/wp-json\/wp\/v2\/media?parent=584"}],"wp:term":[{"taxonomy":"category","embeddable":true,"href":"https:\/\/usagers-transports.haut-allier.eu\/index.php\/wp-json\/wp\/v2\/categories?post=584"},{"taxonomy":"post_tag","embeddable":true,"href":"https:\/\/usagers-transports.haut-allier.eu\/index.php\/wp-json\/wp\/v2\/tags?post=584"}],"curies":[{"name":"wp","href":"https:\/\/api.w.org\/{rel}","templated":true}]}}