{"id":585,"date":"2019-04-28T14:39:38","date_gmt":"2019-04-28T12:39:38","guid":{"rendered":"http:\/\/5.45.101.177\/haut-allier\/usagers-transportse\/index.php\/2019\/04\/28\/pepy-sncf-dehors-et-vite-ses585\/"},"modified":"2019-04-28T14:39:38","modified_gmt":"2019-04-28T12:39:38","slug":"pepy-sncf-dehors-et-vite-ses585","status":"publish","type":"post","link":"https:\/\/usagers-transports.haut-allier.eu\/index.php\/2019\/04\/28\/pepy-sncf-dehors-et-vite-ses585\/","title":{"rendered":"P\u00e9py \/ SNCF DEHORS et VITE ! Ses derniers bilans, son cabinet de lobbying aupr\u00e8s des d\u00e9put\u00e9s, ses derniers mensonges&#8230;"},"content":{"rendered":"<p>Ces derniers jours grosse op\u00e9ration de communication du PDG de la SNCF pour contrer les mauvais articles de presse r\u00e9cents :<br \/>\n&nbsp;<br \/>\n<strong>D&rsquo;abord le 19 avril dernier le rapport accablant de l&rsquo;Autorit\u00e9 de la qualit\u00e9 de service dans les transports (AQST)<\/strong> concernant la ponctualit\u00e9 des trains en 2018 : les annulations et les retards grimpent. Pour les TGV, les chouchous de l&rsquo;\u00e9narque, l&rsquo;augmentation des TGV annul\u00e9s est de 6,8% par rapport \u00e0 l\u2019ann\u00e9e pr\u00e9c\u00e9dente. Dans toute la France, plus d&rsquo;un train TGV sur 6 n&rsquo;arrive pas \u00e0 l&rsquo;heure. Pour les TER, on passe de 11% de retard en 2013 \u00e0 plus de 17% en 2018. Et pour ces derniers on ne compte pas les annulations.<br \/>\n&nbsp;<br \/>\nApr\u00e8s <strong>France Info en 2017<\/strong> qui avait fait un excellent reportage intitul\u00e9 <a href=\"https:\/\/www.francetvinfo.fr\/economie\/transports\/sncf\/budget-de-com-agences-conseil-operations-de-lobbying-enquete-sur-les-depenses-de-la-sncf_2429451.html\"><strong>\u00ab\u00a0Agences de conseil, s\u00e9minaires, lobbying&#8230; La communication on\u00e9reuse de la SNCF\u00a0\u00bb<\/strong><\/a>,<br \/>\n<strong>Le Canard Encha\u00een\u00e9<\/strong> vient de r\u00e9v\u00e9ler il y a peu les d\u00e9penses pharaoniques du monsieur pour la communication du groupe, 200 millions d&rsquo;euros par an, de la com destin\u00e9e \u00e0 faire passer plus facilement la pilule aux usagers et aux professionnels m\u00e9contents. Tous les ans depuis P\u00e9py une enqu\u00eate de presse pointe du doigt ces d\u00e9penses de propagande. Rien ne bouge. On n&rsquo;affiche plus les fiches travaux pour coupure de ligne de plusieurs mois dans les gares du Massif central, mais on a des distributeurs de po\u00e8mes dans les gares TGV et une radio \u00ab\u00a0SNCF\u00a0\u00bb pour diffuser la bonne parole du chef.<br \/>\n&nbsp;<br \/>\n<img loading=\"lazy\" decoding=\"async\" class=\" aligncenter size-full wp-image-2648\" src=\"http:\/\/5.45.101.177\/haut-allier\/usagers-transportse\/wp-content\/uploads\/2019\/04\/ce.jpg\" alt=\"ce.jpg\" align=\"center\" width=\"487\" height=\"605\" srcset=\"https:\/\/usagers-transports.haut-allier.eu\/wp-content\/uploads\/2019\/04\/ce.jpg 487w, https:\/\/usagers-transports.haut-allier.eu\/wp-content\/uploads\/2019\/04\/ce-241x300.jpg 241w\" sizes=\"auto, (max-width: 487px) 100vw, 487px\" \/><br \/>\n&nbsp;<br \/>\nLa lettre A, le 23 avril, publie un article <a href=\"https:\/\/www.lalettrea.fr\/action-publique_lobbying\/2019\/04\/23\/un-train-d-avance-de-la-sncf-le-tres-influent-club-de-lobbying-de-guillaume-pepy-et-stephane-volant,108354309-ge0\"><strong>\u00ab\u00a0Un train d&rsquo;avance\u00a0\u00bb de la SNCF: le tr\u00e8s influent club de lobbying de Guillaume P\u00e9py et St\u00e9phane Volant<\/strong><\/a>. Guillaume Pepy, PDG de la SNCF, reste omnipr\u00e9sent sur le terrain parlementaire par le biais du club \u00ab\u00a0Un train d&rsquo;avance\u00a0\u00bb, g\u00e9r\u00e9 par le cabinet de lobbying Boury Tallon. Ses soir\u00e9es permettent \u00e0 l&rsquo;op\u00e9rateur de mobiliser son r\u00e9seau d&rsquo;\u00e9lus quand une loi menace ses int\u00e9r\u00eats. etc.<br \/>\n&nbsp;<br \/>\n<img loading=\"lazy\" decoding=\"async\" class=\" aligncenter size-full wp-image-2649\" src=\"http:\/\/5.45.101.177\/haut-allier\/usagers-transportse\/wp-content\/uploads\/2019\/04\/d40hy0wxoaaxd0p.jpg\" alt=\"d40hy0wxoaaxd0p.jpg\" align=\"center\" width=\"989\" height=\"646\" srcset=\"https:\/\/usagers-transports.haut-allier.eu\/wp-content\/uploads\/2019\/04\/d40hy0wxoaaxd0p.jpg 989w, https:\/\/usagers-transports.haut-allier.eu\/wp-content\/uploads\/2019\/04\/d40hy0wxoaaxd0p-300x196.jpg 300w, https:\/\/usagers-transports.haut-allier.eu\/wp-content\/uploads\/2019\/04\/d40hy0wxoaaxd0p-768x502.jpg 768w\" sizes=\"auto, (max-width: 989px) 100vw, 989px\" \/><br \/>\n&nbsp;<br \/>\n<strong>C&rsquo;en \u00e9tait trop, aujourd&rsquo;hui offensive P\u00e9py dans les m\u00e9dias :<\/strong><br \/>\n&nbsp;<br \/>\n<strong>\u00ab\u00a0La priorit\u00e9, c&rsquo;est la modernisation du r\u00e9seau le plus fr\u00e9quent\u00e9\u00a0\u00bb<\/strong>, d\u00e9clare le pr\u00e9sident Guillaume P\u00e9py dans un entretien au <a href=\"https:\/\/www.lejdd.fr\"><strong>Journal du Dimanche<\/strong><\/a>.<br \/>\n&nbsp;<br \/>\nSans doute pour justifier l&rsquo;absence de maintenance du r\u00e9seau historique, qui am\u00e8ne in\u00e9luctablement \u00e0 la d\u00e9saffection des voyageurs envers le train. Le tout en faisant fi de l&rsquo;\u00e9galit\u00e9 de traitement des territoires, m\u00eame les moins peupl\u00e9s comme l&rsquo;Auvergne, que doit desservir une soci\u00e9t\u00e9 fournissant un service public.<br \/>\n&nbsp;<br \/>\n<strong>\u00ab\u00a0Il n&rsquo;y a pas de plan de fermeture des petites lignes\u00a0\u00bb<\/strong><br \/>\n&nbsp;<br \/>\nD\u00e9clare-t-il toujours au JDD. Il n&rsquo;est plus \u00e0 un mensonge pr\u00e8s on le sait. En tous cas nous l&rsquo;invitons \u00e0 s&rsquo;exprimer et \u00e0 nous dire quel plan de d\u00e9veloppement il pr\u00e9voit pour les lignes de moyenne montagne comme celle du train Aubrac B\u00e9ziers Clermont Paris et celle du C\u00e9venol Marseille N\u00eemes Clermont Paris pendant le grand colloque pr\u00e9vu fin septembre \u00e0 Alleyras (43) en pr\u00e9sence des responsables mobilit\u00e9s d&rsquo;Auvergne et des C\u00e9vennes. Pour le moment pas de r\u00e9ponse \u00e0 notre invitation.<br \/>\n&nbsp;<br \/>\n<strong>\u00ab\u00a0Le train de nuit, les jeunes n&rsquo;en veulent plus\u00a0\u00bb<\/strong><br \/>\n&nbsp;<br \/>\nAffirme-t-il encore dans le JDD. Comment peut-on avancer cet argument d&rsquo;une idiotie crasse ? Monsieur P\u00e9py remettez les trains de nuit, achetez de nouvelles rames couchettes, comme le font tous nos voisins europ\u00e9ens et vous verrez si les jeunes s&rsquo;en d\u00e9tournent !<br \/>\n&nbsp;<br \/>\n<em>Le train de nuit d\u00e9sert\u00e9 par les jeunes en Su\u00e8de :<\/em><br \/>\n<img loading=\"lazy\" decoding=\"async\" class=\" aligncenter size-full wp-image-2650\" src=\"http:\/\/5.45.101.177\/haut-allier\/usagers-transportse\/wp-content\/uploads\/2019\/04\/firefox_screenshot_2019-04-29t08-24-24.480z.png\" alt=\"firefox_screenshot_2019-04-29t08-24-24.480z.png\" align=\"center\" width=\"427\" height=\"558\" srcset=\"https:\/\/usagers-transports.haut-allier.eu\/wp-content\/uploads\/2019\/04\/firefox_screenshot_2019-04-29t08-24-24.480z.png 427w, https:\/\/usagers-transports.haut-allier.eu\/wp-content\/uploads\/2019\/04\/firefox_screenshot_2019-04-29t08-24-24.480z-230x300.png 230w\" sizes=\"auto, (max-width: 427px) 100vw, 427px\" \/><br \/>\n&nbsp;<br \/>\n<strong>En fait l&rsquo;\u00e9ventualit\u00e9 d&rsquo;un retour des trains de nuit met \u00e0 bas toute sa strat\u00e9gie de destruction du r\u00e9seau ferroviaire historique :<\/strong><br \/>\n&nbsp;<br \/>\n&#8211; Le train de nuit exige du personnel la nuit dans les gares : depuis le merveilleux TGV P\u00e9py n&rsquo;a cess\u00e9 d&rsquo;appliquer sa r\u00e8gle de fermeture des gares au plus t\u00f4t et la nuit bien s\u00fbr. Pratiquement tous les trains de nuit ont disparu et c&rsquo;en est la cause premi\u00e8re : les gares doivent fermer t\u00f4t.<br \/>\n&#8211; Le train de nuit s&rsquo;accommode des r\u00e9seaux \u00e0 vitesse moyenne : le voyageur se fiche d&rsquo;arriver dans 4 heures \u00e0 Paris, il monte dans le train le soir, y dort, et arrive t\u00f4t le matin \u00e0 destination. Il gagne une nuit dans tous les cas. M\u00eame une nuit de 8 heures. Cette facult\u00e9 d&rsquo;utiliser les r\u00e9seaux existants y compris les dites \u00ab\u00a0petites lignes\u00a0\u00bb g\u00eane \u00e9norm\u00e9ment le PDG, lui qui veut les fermer depuis longtemps et d\u00e9finitivement.<br \/>\n&#8211; Le train de nuit transforme les lignes \u00ab\u00a0r\u00e9gionalis\u00e9es\u00a0\u00bb il y a un an ou deux ans en ligne \u00ab\u00a0d&rsquo;int\u00e9r\u00eat national\u00a0\u00bb puisque les parcours sont longs et relient de grandes villes. C&rsquo;est tr\u00e8s emb\u00eatant toute la strat\u00e9gie \u00e9taient justement de s&rsquo;en d\u00e9barrasser en les morcelant et en donnant leur gestion aux r\u00e9gions, si possible avec l&rsquo;entretien du r\u00e9seau.<br \/>\n&nbsp;<br \/>\n<strong>La question du retour du train de nuit est donc une grosse \u00e9pine dans le pied de la strat\u00e9gie de sabotage du r\u00e9seau par P\u00e9py. C&rsquo;est pour cela que le Collectif des Usagers du Haut-Allier milite \u00e0 son retour avec le Collectif \u00ab\u00a0Oui au train de nuit\u00a0\u00bb. Nous avons eu un entretien \u00e0 ce sujet r\u00e9cemment avec notre d\u00e9pute de Haute-Loire Jean-Pierre Vigier.  <\/strong><br \/>\n&nbsp;<br \/>\nOn le voit l&rsquo;horizon n&rsquo;est pas forc\u00e9ment tout rose pour le PDG qui dit vouloir partir dans quelques mois de son poste. Il a d\u00e9j\u00e0 fait le coup. Ses P\u00e9pitos seront certainement bien pr\u00e9sents pour r\u00e9clamer le poste.<br \/>\n&nbsp;<br \/>\n<strong>De notre c\u00f4t\u00e9 ce n&rsquo;est pas dans quelques mois que nous voulons son d\u00e9part mais imm\u00e9diatement.<br \/>\n&nbsp;<br \/>\nGUILLAUME PEPY, MR LE FOSSOYEUR DU RAIL EN FRANCE, PARTEZ !!!<\/strong><br \/>\n&nbsp;<\/p>\n","protected":false},"excerpt":{"rendered":"<p>Ces derniers jours grosse op\u00e9ration de communication du PDG de la SNCF pour contrer les mauvais articles de<\/p>\n","protected":false},"author":1,"featured_media":2647,"comment_status":"open","ping_status":"open","sticky":false,"template":"","format":"standard","meta":{"footnotes":""},"categories":[8],"tags":[],"class_list":["post-585","post","type-post","status-publish","format-standard","has-post-thumbnail","hentry","category-communiques"],"_links":{"self":[{"href":"https:\/\/usagers-transports.haut-allier.eu\/index.php\/wp-json\/wp\/v2\/posts\/585","targetHints":{"allow":["GET"]}}],"collection":[{"href":"https:\/\/usagers-transports.haut-allier.eu\/index.php\/wp-json\/wp\/v2\/posts"}],"about":[{"href":"https:\/\/usagers-transports.haut-allier.eu\/index.php\/wp-json\/wp\/v2\/types\/post"}],"author":[{"embeddable":true,"href":"https:\/\/usagers-transports.haut-allier.eu\/index.php\/wp-json\/wp\/v2\/users\/1"}],"replies":[{"embeddable":true,"href":"https:\/\/usagers-transports.haut-allier.eu\/index.php\/wp-json\/wp\/v2\/comments?post=585"}],"version-history":[{"count":0,"href":"https:\/\/usagers-transports.haut-allier.eu\/index.php\/wp-json\/wp\/v2\/posts\/585\/revisions"}],"wp:featuredmedia":[{"embeddable":true,"href":"https:\/\/usagers-transports.haut-allier.eu\/index.php\/wp-json\/wp\/v2\/media\/2647"}],"wp:attachment":[{"href":"https:\/\/usagers-transports.haut-allier.eu\/index.php\/wp-json\/wp\/v2\/media?parent=585"}],"wp:term":[{"taxonomy":"category","embeddable":true,"href":"https:\/\/usagers-transports.haut-allier.eu\/index.php\/wp-json\/wp\/v2\/categories?post=585"},{"taxonomy":"post_tag","embeddable":true,"href":"https:\/\/usagers-transports.haut-allier.eu\/index.php\/wp-json\/wp\/v2\/tags?post=585"}],"curies":[{"name":"wp","href":"https:\/\/api.w.org\/{rel}","templated":true}]}}