{"id":586,"date":"2019-04-30T09:43:36","date_gmt":"2019-04-30T07:43:36","guid":{"rendered":"http:\/\/5.45.101.177\/haut-allier\/usagers-transportse\/index.php\/2019\/04\/30\/ouf-elisabeth-borne-debloque-1-650586\/"},"modified":"2019-04-30T09:43:36","modified_gmt":"2019-04-30T07:43:36","slug":"ouf-elisabeth-borne-debloque-1-650586","status":"publish","type":"post","link":"https:\/\/usagers-transports.haut-allier.eu\/index.php\/2019\/04\/30\/ouf-elisabeth-borne-debloque-1-650586\/","title":{"rendered":"Ouf ! Elisabeth Borne d\u00e9bloque 1.650.000 euros en faveur de la ligne du train C\u00e9venol"},"content":{"rendered":"<p>Nos confr\u00e8res de France Bleu Gard Loz\u00e8re l&rsquo;ont annonc\u00e9 ce matin dans un communiqu\u00e9 laconique, on dirait que la question n&rsquo;int\u00e9resse que tr\u00e8s peu \u00e0 N\u00eemes : \u00ab\u00a01.650.000 euros d\u00e9bloqu\u00e9s par la ministre des transports en faveur de la ligne des C\u00e9vennes. Ligne ferroviaire bien s\u00fbr. C\u2019est le d\u00e9put\u00e9 Pierre Morel A l\u2019Huissier de la Loz\u00e8re qui l\u2019a annonc\u00e9 hier. Ils vont servir \u00e0 financer la suite des travaux, travaux d\u2019urgence de cette ligne qui relie, faut-il le rappeler, Clermont Ferrand \u00e0 N\u00eemes via la Loz\u00e8re.\u00a0\u00bb<br \/>\n&nbsp;<br \/>\n<img loading=\"lazy\" decoding=\"async\" class=\" aligncenter size-full wp-image-2652\" src=\"http:\/\/5.45.101.177\/haut-allier\/usagers-transportse\/wp-content\/uploads\/2019\/04\/fb-gard-lozere.jpg\" alt=\"fb-gard-lozere.jpg\" align=\"center\" width=\"600\" height=\"600\" srcset=\"https:\/\/usagers-transports.haut-allier.eu\/wp-content\/uploads\/2019\/04\/fb-gard-lozere.jpg 600w, https:\/\/usagers-transports.haut-allier.eu\/wp-content\/uploads\/2019\/04\/fb-gard-lozere-300x300.jpg 300w, https:\/\/usagers-transports.haut-allier.eu\/wp-content\/uploads\/2019\/04\/fb-gard-lozere-150x150.jpg 150w\" sizes=\"auto, (max-width: 600px) 100vw, 600px\" \/><br \/>\n&nbsp;<br \/>\nOn en est ravi bien entendu et voil\u00e0 qui va redonner du peps au 150\u00e8me anniversaire de la ligne l&rsquo;an prochain. Pour le colloque d\u00e9di\u00e9 \u00e0 l&rsquo;avenir du train en moyenne montagne fin septembre prochain \u00e0 Alleyras (43) nous attendons Madame la ministre qui y est invit\u00e9e pour partager sur les possibilit\u00e9s de d\u00e9veloppement.<br \/>\n&nbsp;<br \/>\n<strong>[MAJ du 5 mai]<\/strong><br \/>\n&nbsp;<br \/>\n<strong>Midi Libre nous apprend que cette somme provient du budget de l&rsquo;AFITF, l&rsquo;Agence de financement des Infrastructures de France.<\/strong><\/p>\n","protected":false},"excerpt":{"rendered":"<p>Nos confr\u00e8res de France Bleu Gard Loz\u00e8re l&rsquo;ont annonc\u00e9 ce matin dans un communiqu\u00e9 laconique, on dirait que<\/p>\n","protected":false},"author":1,"featured_media":2651,"comment_status":"open","ping_status":"open","sticky":false,"template":"","format":"standard","meta":{"footnotes":""},"categories":[2],"tags":[],"class_list":["post-586","post","type-post","status-publish","format-standard","has-post-thumbnail","hentry","category-infos"],"_links":{"self":[{"href":"https:\/\/usagers-transports.haut-allier.eu\/index.php\/wp-json\/wp\/v2\/posts\/586","targetHints":{"allow":["GET"]}}],"collection":[{"href":"https:\/\/usagers-transports.haut-allier.eu\/index.php\/wp-json\/wp\/v2\/posts"}],"about":[{"href":"https:\/\/usagers-transports.haut-allier.eu\/index.php\/wp-json\/wp\/v2\/types\/post"}],"author":[{"embeddable":true,"href":"https:\/\/usagers-transports.haut-allier.eu\/index.php\/wp-json\/wp\/v2\/users\/1"}],"replies":[{"embeddable":true,"href":"https:\/\/usagers-transports.haut-allier.eu\/index.php\/wp-json\/wp\/v2\/comments?post=586"}],"version-history":[{"count":0,"href":"https:\/\/usagers-transports.haut-allier.eu\/index.php\/wp-json\/wp\/v2\/posts\/586\/revisions"}],"wp:featuredmedia":[{"embeddable":true,"href":"https:\/\/usagers-transports.haut-allier.eu\/index.php\/wp-json\/wp\/v2\/media\/2651"}],"wp:attachment":[{"href":"https:\/\/usagers-transports.haut-allier.eu\/index.php\/wp-json\/wp\/v2\/media?parent=586"}],"wp:term":[{"taxonomy":"category","embeddable":true,"href":"https:\/\/usagers-transports.haut-allier.eu\/index.php\/wp-json\/wp\/v2\/categories?post=586"},{"taxonomy":"post_tag","embeddable":true,"href":"https:\/\/usagers-transports.haut-allier.eu\/index.php\/wp-json\/wp\/v2\/tags?post=586"}],"curies":[{"name":"wp","href":"https:\/\/api.w.org\/{rel}","templated":true}]}}