{"id":588,"date":"2019-05-14T15:45:00","date_gmt":"2019-05-14T13:45:00","guid":{"rendered":"http:\/\/5.45.101.177\/haut-allier\/usagers-transportse\/index.php\/2019\/05\/14\/martine-guibert-la-ligne588\/"},"modified":"2019-05-14T15:45:00","modified_gmt":"2019-05-14T13:45:00","slug":"martine-guibert-la-ligne588","status":"publish","type":"post","link":"https:\/\/usagers-transports.haut-allier.eu\/index.php\/2019\/05\/14\/martine-guibert-la-ligne588\/","title":{"rendered":"Martine Guibert : \u00ab\u00a0La ligne ferroviaire Clermont B\u00e9ziers fait l&rsquo;objet d&rsquo;un plan d&rsquo;action\u00a0\u00bb"},"content":{"rendered":"<p>A l&rsquo;occasion d&rsquo;un passage dans le Cantal la vice-pr\u00e9sidente de la r\u00e9gion AURA charg\u00e9 des transports a d\u00e9clar\u00e9 hier \u00e0 France 3 Auvergne : \u00ab\u00a0La ligne Clermont-Ferrand B\u00e9ziers fait l&rsquo;objet d&rsquo;un plan d&rsquo;action\u00a0\u00bb. Un plan initi\u00e9 par la r\u00e9gion \u00ab\u00a0avec de nombreux partenaires\u00a0\u00bb tant sur le plan voyageurs que fret, ont ajout\u00e9 les journalistes.<br \/>\n&nbsp;<br \/>\n<a href=\"http:\/\/5.45.101.177\/haut-allier\/usagers-transportse\/wp-content\/uploads\/2019\/05\/jt-1920-f3-auvergne-130519-vive-le-train-saint-flour-et-garabit-youtube.mp4\">jt-1920-f3-auvergne-130519-vive-le-train-saint-flour-et-garabit-youtube.mp4<\/a><br \/>\n&nbsp;<br \/>\nNous sommes heureux de l&rsquo;apprendre. Des pr\u00e9cisions SVP. Car votre service communication est&#8230; tr\u00e9s discret et peu prolixe.<br \/>\n&nbsp;<br \/>\nEt c\u00f4t\u00e9 ligne du C\u00e9venol ?<br \/>\n&nbsp;<\/p>\n","protected":false},"excerpt":{"rendered":"<p>A l&rsquo;occasion d&rsquo;un passage dans le Cantal la vice-pr\u00e9sidente de la r\u00e9gion AURA charg\u00e9 des transports a d\u00e9clar\u00e9<\/p>\n","protected":false},"author":1,"featured_media":2654,"comment_status":"open","ping_status":"open","sticky":false,"template":"","format":"standard","meta":{"footnotes":""},"categories":[2],"tags":[],"class_list":["post-588","post","type-post","status-publish","format-standard","has-post-thumbnail","hentry","category-infos"],"_links":{"self":[{"href":"https:\/\/usagers-transports.haut-allier.eu\/index.php\/wp-json\/wp\/v2\/posts\/588","targetHints":{"allow":["GET"]}}],"collection":[{"href":"https:\/\/usagers-transports.haut-allier.eu\/index.php\/wp-json\/wp\/v2\/posts"}],"about":[{"href":"https:\/\/usagers-transports.haut-allier.eu\/index.php\/wp-json\/wp\/v2\/types\/post"}],"author":[{"embeddable":true,"href":"https:\/\/usagers-transports.haut-allier.eu\/index.php\/wp-json\/wp\/v2\/users\/1"}],"replies":[{"embeddable":true,"href":"https:\/\/usagers-transports.haut-allier.eu\/index.php\/wp-json\/wp\/v2\/comments?post=588"}],"version-history":[{"count":0,"href":"https:\/\/usagers-transports.haut-allier.eu\/index.php\/wp-json\/wp\/v2\/posts\/588\/revisions"}],"wp:featuredmedia":[{"embeddable":true,"href":"https:\/\/usagers-transports.haut-allier.eu\/index.php\/wp-json\/wp\/v2\/media\/2654"}],"wp:attachment":[{"href":"https:\/\/usagers-transports.haut-allier.eu\/index.php\/wp-json\/wp\/v2\/media?parent=588"}],"wp:term":[{"taxonomy":"category","embeddable":true,"href":"https:\/\/usagers-transports.haut-allier.eu\/index.php\/wp-json\/wp\/v2\/categories?post=588"},{"taxonomy":"post_tag","embeddable":true,"href":"https:\/\/usagers-transports.haut-allier.eu\/index.php\/wp-json\/wp\/v2\/tags?post=588"}],"curies":[{"name":"wp","href":"https:\/\/api.w.org\/{rel}","templated":true}]}}