{"id":589,"date":"2019-05-14T16:09:59","date_gmt":"2019-05-14T14:09:59","guid":{"rendered":"http:\/\/5.45.101.177\/haut-allier\/usagers-transportse\/index.php\/2019\/05\/14\/abus-du-13-au-18-mai-la-sncf-ose589\/"},"modified":"2019-05-14T16:09:59","modified_gmt":"2019-05-14T14:09:59","slug":"abus-du-13-au-18-mai-la-sncf-ose589","status":"publish","type":"post","link":"https:\/\/usagers-transports.haut-allier.eu\/index.php\/2019\/05\/14\/abus-du-13-au-18-mai-la-sncf-ose589\/","title":{"rendered":"Abus : du 13 au 18 mai la SNCF ose encore vous dire \u00ab\u00a0Vive le train\u00a0\u00bb !"},"content":{"rendered":"<p>Elle qui vous en d\u00e9courage au quotidien par une qualit\u00e9 de service d\u00e9plorable vient de mettre en branle son \u00e9quipe de com parisienne pour faire gober aux usagers qu&rsquo;elle aime encore le train.<br \/>\n&nbsp;<br \/>\nElle qui a abandonn\u00e9 le r\u00e9seau ferr\u00e9 national irriguant pour jouer avec l&rsquo;argent public \u00e0 devenir propri\u00e9taire ou avoir des parts dans des soci\u00e9t\u00e9s de transports concurrentes comme Bla Bla Car, de transports en bus et bient\u00f4t sans doute dans les syst\u00e8mes d&rsquo;autopartage de trottinettes.<br \/>\n&nbsp;<br \/>\nDonc la SNCF vous dit &#8211; durant 5 jours seulement &#8211; \u00ab\u00a0Vive le train\u00a0\u00bb et met en avant par exemple, outre des visites dans des centres op\u00e9rationnels TGV, le travail des ing\u00e9nieurs du pass\u00e9 qui ont construit le viaduc de Garabit alors qu&rsquo;elle fait tout depuis 50 ans pour se d\u00e9barasser de la ligne de l&rsquo;Aubrac, Clermont Neussargues B\u00e9ziers pour qui il a \u00e9t\u00e9 cr\u00e9\u00e9.<br \/>\n&nbsp;<br \/>\nLes usagers moutons vont-ils tomber dans le panneau ?<br \/>\n&nbsp;<br \/>\nC&rsquo;est des tonnes de lettres d&rsquo;insultes qu&rsquo;ils devraient lui envoyer en lieu et place.<br \/>\n&nbsp;<br \/>\nLe lien vers leur site :<br \/>\n&nbsp;<br \/>\n<a href=\"https:\/\/www.viveletrain.sncf\/\">Vive le train !<\/a><\/p>\n","protected":false},"excerpt":{"rendered":"<p>Elle qui vous en d\u00e9courage au quotidien par une qualit\u00e9 de service d\u00e9plorable vient de mettre en branle<\/p>\n","protected":false},"author":1,"featured_media":2656,"comment_status":"open","ping_status":"open","sticky":false,"template":"","format":"standard","meta":{"footnotes":""},"categories":[2],"tags":[],"class_list":["post-589","post","type-post","status-publish","format-standard","has-post-thumbnail","hentry","category-infos"],"_links":{"self":[{"href":"https:\/\/usagers-transports.haut-allier.eu\/index.php\/wp-json\/wp\/v2\/posts\/589","targetHints":{"allow":["GET"]}}],"collection":[{"href":"https:\/\/usagers-transports.haut-allier.eu\/index.php\/wp-json\/wp\/v2\/posts"}],"about":[{"href":"https:\/\/usagers-transports.haut-allier.eu\/index.php\/wp-json\/wp\/v2\/types\/post"}],"author":[{"embeddable":true,"href":"https:\/\/usagers-transports.haut-allier.eu\/index.php\/wp-json\/wp\/v2\/users\/1"}],"replies":[{"embeddable":true,"href":"https:\/\/usagers-transports.haut-allier.eu\/index.php\/wp-json\/wp\/v2\/comments?post=589"}],"version-history":[{"count":0,"href":"https:\/\/usagers-transports.haut-allier.eu\/index.php\/wp-json\/wp\/v2\/posts\/589\/revisions"}],"wp:featuredmedia":[{"embeddable":true,"href":"https:\/\/usagers-transports.haut-allier.eu\/index.php\/wp-json\/wp\/v2\/media\/2656"}],"wp:attachment":[{"href":"https:\/\/usagers-transports.haut-allier.eu\/index.php\/wp-json\/wp\/v2\/media?parent=589"}],"wp:term":[{"taxonomy":"category","embeddable":true,"href":"https:\/\/usagers-transports.haut-allier.eu\/index.php\/wp-json\/wp\/v2\/categories?post=589"},{"taxonomy":"post_tag","embeddable":true,"href":"https:\/\/usagers-transports.haut-allier.eu\/index.php\/wp-json\/wp\/v2\/tags?post=589"}],"curies":[{"name":"wp","href":"https:\/\/api.w.org\/{rel}","templated":true}]}}