{"id":59,"date":"2013-06-24T13:14:41","date_gmt":"2013-06-24T11:14:41","guid":{"rendered":"http:\/\/5.45.101.177\/haut-allier\/usagers-transportse\/index.php\/2013\/06\/24\/ligne-du-cevenol-le-travail-de059\/"},"modified":"2013-06-24T13:14:41","modified_gmt":"2013-06-24T11:14:41","slug":"ligne-du-cevenol-le-travail-de059","status":"publish","type":"post","link":"https:\/\/usagers-transports.haut-allier.eu\/index.php\/2013\/06\/24\/ligne-du-cevenol-le-travail-de059\/","title":{"rendered":"Ligne du C\u00e9venol : le travail de sape de la SNCF continue !"},"content":{"rendered":"<p>Il n&rsquo;y avait pas de conducteur &lsquo;disponible&rsquo; pour le train &lsquo;Le C\u00e9venol&rsquo; dimanche 23 juin 2013 et lundi 24 malgr\u00e9 la connaissance du fait plusieurs jours avant par la SNCF. Que d\u00e9montrer de plus ? La volont\u00e9 claire de la direction de d\u00e9courager encore plus les voyageurs.<\/p>\n<p><em>Dans la presse : <\/em> <\/p>\n<p>&#8211; l&rsquo;article du lundi 24 de <a href=\"http:\/\/www.midilibre.fr\/2013\/06\/24\/pas-de-conducteur-pour-le-cevenol-hier-dimanche-et-ce-lundi,721666.php\">Midi Libre<\/a>.<\/p>\n<p>&#8211; l&rsquo;article du mardi 25 de <a href=\"http:\/\/www.zoomdici.fr\/actualite\/Train-la-ligne-des-Cevennes-manque-de-conducteurs-id130589.html\">Zoom d&rsquo;Ici<\/a>.<\/p>\n","protected":false},"excerpt":{"rendered":"<p>Il n&rsquo;y avait pas de conducteur &lsquo;disponible&rsquo; pour le train &lsquo;Le C\u00e9venol&rsquo; dimanche 23 juin 2013 et lundi<\/p>\n","protected":false},"author":1,"featured_media":0,"comment_status":"closed","ping_status":"open","sticky":false,"template":"","format":"standard","meta":{"footnotes":""},"categories":[2],"tags":[],"class_list":["post-59","post","type-post","status-publish","format-standard","hentry","category-infos"],"_links":{"self":[{"href":"https:\/\/usagers-transports.haut-allier.eu\/index.php\/wp-json\/wp\/v2\/posts\/59","targetHints":{"allow":["GET"]}}],"collection":[{"href":"https:\/\/usagers-transports.haut-allier.eu\/index.php\/wp-json\/wp\/v2\/posts"}],"about":[{"href":"https:\/\/usagers-transports.haut-allier.eu\/index.php\/wp-json\/wp\/v2\/types\/post"}],"author":[{"embeddable":true,"href":"https:\/\/usagers-transports.haut-allier.eu\/index.php\/wp-json\/wp\/v2\/users\/1"}],"replies":[{"embeddable":true,"href":"https:\/\/usagers-transports.haut-allier.eu\/index.php\/wp-json\/wp\/v2\/comments?post=59"}],"version-history":[{"count":0,"href":"https:\/\/usagers-transports.haut-allier.eu\/index.php\/wp-json\/wp\/v2\/posts\/59\/revisions"}],"wp:attachment":[{"href":"https:\/\/usagers-transports.haut-allier.eu\/index.php\/wp-json\/wp\/v2\/media?parent=59"}],"wp:term":[{"taxonomy":"category","embeddable":true,"href":"https:\/\/usagers-transports.haut-allier.eu\/index.php\/wp-json\/wp\/v2\/categories?post=59"},{"taxonomy":"post_tag","embeddable":true,"href":"https:\/\/usagers-transports.haut-allier.eu\/index.php\/wp-json\/wp\/v2\/tags?post=59"}],"curies":[{"name":"wp","href":"https:\/\/api.w.org\/{rel}","templated":true}]}}