{"id":590,"date":"2019-05-15T19:17:20","date_gmt":"2019-05-15T17:17:20","guid":{"rendered":"http:\/\/5.45.101.177\/haut-allier\/usagers-transportse\/index.php\/2019\/05\/15\/retards-des-ter-coup-de-gueule-de590\/"},"modified":"2019-05-15T19:17:20","modified_gmt":"2019-05-15T17:17:20","slug":"retards-des-ter-coup-de-gueule-de590","status":"publish","type":"post","link":"https:\/\/usagers-transports.haut-allier.eu\/index.php\/2019\/05\/15\/retards-des-ter-coup-de-gueule-de590\/","title":{"rendered":"Retards des TER : Coup de gueule de la pr\u00e9sidente d&rsquo;Occitanie contre P\u00e9py"},"content":{"rendered":"<p>Apr\u00e8s son vice-pr\u00e9sident charg\u00e9 des transports Jean-Luc Gibelin <a href=\"http:\/\/usagers-transports.haut-allier.eu\/?au-bilan-catastrophique-de-jean,582\"><strong>il y a deux semaines<\/strong><\/a>, Carole Delga vient \u00e0 son tour de dire tout le bien qu&rsquo;elle pensait du service TER fourni par la SNCF en Occitanie. En effet 14\u00a0% des trains ont accus\u00e9 des retards en 2018 contre 12\u00a0% un an plus t\u00f4t. Elle a r\u00e9agi aujourd&rsquo;hui \u00e0 18h sur France Bleu Occitanie (Toulouse) :<br \/>\n&nbsp;<br \/>\n<em> <strong>\u00ab\u00a0Oui c\u2019est ce qui me met en col\u00e8re parce que la r\u00e9gion elle investit beaucoup dans le r\u00e9seau ferr\u00e9, dans de nouveaux trains et malgr\u00e9 cela la SNCF pr\u00e9sente des retards de plus en plus forts. Alors, moi, nos usagers, ils m\u2019\u00e9crivent, ils sont exc\u00e9d\u00e9s et je le comprends et c\u2019est pourquoi je pousse un peu un coup de gueule disant\u00a0: il n\u2019est pas acceptable que le nombre de trains en retard soit de 40 par jour. Donc l\u00e0 j\u2019indique \u00e0 Guillaume P\u00e9py, au gouvernement, que je veux un service de la SNCF de qualit\u00e9. La r\u00e9gion paye, c&rsquo;est-\u00e0-dire plus de 300 millions d\u2019euros chaque ann\u00e9e. Et \u00e7a c\u2019est de l\u2019argent public. Donc en contrepartie de cet engagement financier la SNCF doit respecter la convention, moi je souhaite avoir une entreprise publique ferroviaire qui soit performante. La RATP c\u2019est une entreprise publique pour les parisiens, elle produit un service public de qualit\u00e9. En province nous devons avoir le m\u00eame niveau de qualit\u00e9.\u00a0\u00bb     <\/strong>  <\/em><br \/>\n&nbsp;<br \/>\nVoici l&rsquo;enregistrement :<br \/>\n&nbsp;<br \/>\n<a href=\"http:\/\/5.45.101.177\/haut-allier\/usagers-transportse\/wp-content\/uploads\/2019\/05\/usagers-transports-haut-allier-info-carole-delga-sur-fbo-2019-05-15-18h02.mp3\">usagers-transports-haut-allier-info&#8211;carole-delga-sur-fbo-2019-05-15-18h02.mp3<\/a><br \/>\n&nbsp;<\/p>\n","protected":false},"excerpt":{"rendered":"<p>Apr\u00e8s son vice-pr\u00e9sident charg\u00e9 des transports Jean-Luc Gibelin il y a deux semaines, Carole Delga vient \u00e0 son<\/p>\n","protected":false},"author":1,"featured_media":2657,"comment_status":"open","ping_status":"open","sticky":false,"template":"","format":"standard","meta":{"footnotes":""},"categories":[2],"tags":[],"class_list":["post-590","post","type-post","status-publish","format-standard","has-post-thumbnail","hentry","category-infos"],"_links":{"self":[{"href":"https:\/\/usagers-transports.haut-allier.eu\/index.php\/wp-json\/wp\/v2\/posts\/590","targetHints":{"allow":["GET"]}}],"collection":[{"href":"https:\/\/usagers-transports.haut-allier.eu\/index.php\/wp-json\/wp\/v2\/posts"}],"about":[{"href":"https:\/\/usagers-transports.haut-allier.eu\/index.php\/wp-json\/wp\/v2\/types\/post"}],"author":[{"embeddable":true,"href":"https:\/\/usagers-transports.haut-allier.eu\/index.php\/wp-json\/wp\/v2\/users\/1"}],"replies":[{"embeddable":true,"href":"https:\/\/usagers-transports.haut-allier.eu\/index.php\/wp-json\/wp\/v2\/comments?post=590"}],"version-history":[{"count":0,"href":"https:\/\/usagers-transports.haut-allier.eu\/index.php\/wp-json\/wp\/v2\/posts\/590\/revisions"}],"wp:featuredmedia":[{"embeddable":true,"href":"https:\/\/usagers-transports.haut-allier.eu\/index.php\/wp-json\/wp\/v2\/media\/2657"}],"wp:attachment":[{"href":"https:\/\/usagers-transports.haut-allier.eu\/index.php\/wp-json\/wp\/v2\/media?parent=590"}],"wp:term":[{"taxonomy":"category","embeddable":true,"href":"https:\/\/usagers-transports.haut-allier.eu\/index.php\/wp-json\/wp\/v2\/categories?post=590"},{"taxonomy":"post_tag","embeddable":true,"href":"https:\/\/usagers-transports.haut-allier.eu\/index.php\/wp-json\/wp\/v2\/tags?post=590"}],"curies":[{"name":"wp","href":"https:\/\/api.w.org\/{rel}","templated":true}]}}