{"id":591,"date":"2019-05-21T19:48:09","date_gmt":"2019-05-21T17:48:09","guid":{"rendered":"http:\/\/5.45.101.177\/haut-allier\/usagers-transportse\/index.php\/2019\/05\/21\/sncf-la-fin-d-un-mythe591\/"},"modified":"2019-05-21T19:48:09","modified_gmt":"2019-05-21T17:48:09","slug":"sncf-la-fin-d-un-mythe591","status":"publish","type":"post","link":"https:\/\/usagers-transports.haut-allier.eu\/index.php\/2019\/05\/21\/sncf-la-fin-d-un-mythe591\/","title":{"rendered":"SNCF : la fin d&rsquo;un mythe"},"content":{"rendered":"<p>Nous vous informons que le documentaire SNCF \u2013 La fin d\u2019un mythe ? de Fr\u00e9d\u00e9ric Compain sera diffus\u00e9 ce jeudi 23 mai sur la cha\u00eene parlementaire LCP \u00e0 20h30 et en rediffusion le vendredi 31 mai \u00e0 00h30.<br \/>\n&nbsp;<br \/>\nAu sommaire : Une enqu\u00eate au coeur de la SNCF, service public dont on se demande s&rsquo;il n&rsquo;est pas vou\u00e9 \u00e0 une proche disparition alors qu&rsquo;il vient de f\u00eater ses 80 ans.<br \/>\n&nbsp;<br \/>\nR\u00e9sum\u00e9 : A partir de 2020, la SNCF pourra \u00eatre concurrenc\u00e9e sur les grandes lignes du r\u00e9seau fran\u00e7ais par des compagnies europ\u00e9ennes. Pour se pr\u00e9parer \u00e0 la guerre \u00e9conomique qui s&rsquo;annonce, l&rsquo;entreprise tente de concilier sa mission de service public avec les imp\u00e9ratifs de profit d&rsquo;une entreprise commerciale. Cette \u00e9volution ne risque-t-elle pas de pr\u00e9parer la disparition de la SNCF ?<\/p>\n","protected":false},"excerpt":{"rendered":"<p>Nous vous informons que le documentaire SNCF \u2013 La fin d\u2019un mythe ? de Fr\u00e9d\u00e9ric Compain sera diffus\u00e9<\/p>\n","protected":false},"author":1,"featured_media":2659,"comment_status":"open","ping_status":"open","sticky":false,"template":"","format":"standard","meta":{"footnotes":""},"categories":[2],"tags":[],"class_list":["post-591","post","type-post","status-publish","format-standard","has-post-thumbnail","hentry","category-infos"],"_links":{"self":[{"href":"https:\/\/usagers-transports.haut-allier.eu\/index.php\/wp-json\/wp\/v2\/posts\/591","targetHints":{"allow":["GET"]}}],"collection":[{"href":"https:\/\/usagers-transports.haut-allier.eu\/index.php\/wp-json\/wp\/v2\/posts"}],"about":[{"href":"https:\/\/usagers-transports.haut-allier.eu\/index.php\/wp-json\/wp\/v2\/types\/post"}],"author":[{"embeddable":true,"href":"https:\/\/usagers-transports.haut-allier.eu\/index.php\/wp-json\/wp\/v2\/users\/1"}],"replies":[{"embeddable":true,"href":"https:\/\/usagers-transports.haut-allier.eu\/index.php\/wp-json\/wp\/v2\/comments?post=591"}],"version-history":[{"count":0,"href":"https:\/\/usagers-transports.haut-allier.eu\/index.php\/wp-json\/wp\/v2\/posts\/591\/revisions"}],"wp:featuredmedia":[{"embeddable":true,"href":"https:\/\/usagers-transports.haut-allier.eu\/index.php\/wp-json\/wp\/v2\/media\/2659"}],"wp:attachment":[{"href":"https:\/\/usagers-transports.haut-allier.eu\/index.php\/wp-json\/wp\/v2\/media?parent=591"}],"wp:term":[{"taxonomy":"category","embeddable":true,"href":"https:\/\/usagers-transports.haut-allier.eu\/index.php\/wp-json\/wp\/v2\/categories?post=591"},{"taxonomy":"post_tag","embeddable":true,"href":"https:\/\/usagers-transports.haut-allier.eu\/index.php\/wp-json\/wp\/v2\/tags?post=591"}],"curies":[{"name":"wp","href":"https:\/\/api.w.org\/{rel}","templated":true}]}}