{"id":592,"date":"2019-05-31T19:16:42","date_gmt":"2019-05-31T17:16:42","guid":{"rendered":"http:\/\/5.45.101.177\/haut-allier\/usagers-transportse\/index.php\/2019\/05\/31\/ligne-du-train-aubrac592\/"},"modified":"2019-05-31T19:16:42","modified_gmt":"2019-05-31T17:16:42","slug":"ligne-du-train-aubrac592","status":"publish","type":"post","link":"https:\/\/usagers-transports.haut-allier.eu\/index.php\/2019\/05\/31\/ligne-du-train-aubrac592\/","title":{"rendered":"Ligne du train Aubrac : rassemblement \u00e0 Marvejols le 15 Juin"},"content":{"rendered":"<p>Le Comit\u00e9 Pluraliste propose un rassemblement pour la d\u00e9fense de cette ligne B\u00e9ziers Neussargues le samedi 15 Juin 10h30 en gare de Marvejols.<br \/>\n&nbsp;<br \/>\nVoici le texte de l&rsquo;appel :<br \/>\n&nbsp;<\/p>\n<p>[(<br \/>\nEtat et SNCF-R\u00e9seau doivent assumer leurs responsabilit\u00e9s Et garantir l\u2019avenir du r\u00e9seau ferroviaire du Massif Central<br \/>\n&nbsp;<br \/>\nTous ensemble exigeons la modernisation Urgence entretien-travaux De la voie ferr\u00e9e dans toute la Loz\u00e8re<br \/>\n&nbsp;<br \/>\nSamedi 15 juin 2019 \u00e0 10h30 en gare de Marvejols<br \/>\n&nbsp;<br \/>\nEntretenir et moderniser tout le r\u00e9seau ferroviaire en Loz\u00e8re est une n\u00e9cessit\u00e9 absolue pour\u00a0:<br \/>\n&nbsp;<br \/>\nDe B\u00e9ziers \u00e0 Clermont-Ferrand, continuer \u00e0 desservir les Etablissements scolaires publics et priv\u00e9s, par trains. Si cela n\u2019\u00e9tait plus le cas, ce serait 4\u00a0320 autocars de plus par an sur les routes. Bonjour les d\u00e9g\u00e2ts, les accidents, la pollution.<br \/>\n&nbsp;<br \/>\nSupprimer les limitations de vitesse pour diminuer les temps de parcours par train entre B\u00e9ziers-St Ch\u00e9ly, Marvejols-Mende-Labastide, Langogne-Al\u00e8s. Aujourd\u2019hui on met plus de temps entre B\u00e9ziers-Marvejols qu\u2019il y a 50 ans. Les travaux de modernisation et d\u2019entretien de la voie pourraient \u00eatre effectu\u00e9s par les cheminots.<br \/>\n&nbsp;<br \/>\nExiger de la SNCF un mat\u00e9riel voyageur roulant propre et confortable. Il est n\u00e9cessaire de construire un mat\u00e9riel voyageur TER de qualit\u00e9, des locomotives adapt\u00e9es au Massif Central et aux lignes de Montagne, comme en Suisse. Le d\u00e9veloppement de l\u2019industrie ferroviaire dans notre R\u00e9gion Occitanie entrainerait des embauches stables, ferait diminuer le ch\u00f4mage.<br \/>\n&nbsp;<br \/>\nLever l\u2019interdiction de circulation des trains de marchandises entre B\u00e9ziers et Marvejols. Aujourd\u2019hui seuls les trains de l\u2019arm\u00e9e pour le camp du Larzac et du service Equipement-SNCF-R\u00e9seau sont autoris\u00e9s. Les trains de bois, de produits de carri\u00e8res dont celle des \u00ab\u00a0Ajustons\u00a0\u00bb en Loz\u00e8re\u00a0\u00bb, d\u2019eaux min\u00e9rales, de produits m\u00e9tallurgiques, d\u2019animaux vivants, de produits agroalimentaires, le ferroutage, ne le sont pas. Pourquoi\u00a0? Etat et SNCF-R\u00e9seau font le choix de polluer avec d\u2019avantage de camions sur les routes et autoroutes. La modernisation compl\u00e8te du r\u00e9seau ferroviaire dans le Massif Central s\u2019impose aujourd\u2019hui avec plus de force et rapidement. Il y a urgence \u00ab\u00a0Plan\u00e8te\u00a0\u00bb. Le train est utile et \u00e9cologique.<br \/>\n&nbsp;<br \/>\nD\u2019adapter les horaires et correspondances en fonction des besoins des usagers. Les trains \u00e0 1\u20ac ont permis de multiplier par 10 leurs fr\u00e9quentations.<br \/>\n&nbsp;<br \/>\nR\u00e9humaniser les gares et les trains.<br \/>\n&nbsp;<br \/>\nAugmenter le nombre de train TER entre la Pr\u00e9fecture de la Loz\u00e8re vers le Sud et vers Toulouse.<br \/>\n&nbsp;<br \/>\nMaintenir le TET \u00ab\u00a0L\u2019Aubrac\u00a0\u00bb, dernier Inter cit\u00e9 du Massif Central devenu un symbole du Service Public Ferroviaire National dans la ruralit\u00e9.<br \/>\n&nbsp;<br \/>\nPour toutes ces exigences, rendez-vous Samedi 15 juin 2019 \u00e0 10h30 en gare de Marvejols. Plus nombreux nous serons, plus forts nous serons.<br \/>\n&nbsp;<br \/>\nModalit\u00e9s pratiques\u00a0:<br \/>\n&nbsp;<br \/>\nPour se rendre \u00e0 Marvejols par train TER \u00e0 1\u20ac\u00a0:<br \/>\nD\u00e9part\u00a0: B\u00e9ziers 6h38, Magalas 6h52, B\u00e9darieux 7h14, Le Bousquet d\u2019Orb 7h26, Lunas 7h31, Les Cabrils 7h39, Ceilhes 7h45, Montpaon 7h53, Tournemire 8h11, St Rome de Cernon 8h18, St Georges 8h25, Millau 8h37, S\u00e9verac 9h06, Campagnac 9h19, Banassac 9h33, Marvejols 9h52.<br \/>\nRetour\u00a0: d\u00e9part Marvejols 12h09, arriv\u00e9e B\u00e9ziers 15h20<br \/>\n&nbsp;<br \/>\nLe repas sera tir\u00e9 du sac dans le train du retour \u00e0 12h09<br \/>\n)]<\/p>\n<p><img loading=\"lazy\" decoding=\"async\" class=\" aligncenter size-full wp-image-2661\" src=\"http:\/\/5.45.101.177\/haut-allier\/usagers-transportse\/wp-content\/uploads\/2019\/05\/afficherassemblementfret.jpg\" alt=\"afficherassemblementfret.jpg\" align=\"center\" width=\"561\" height=\"794\" srcset=\"https:\/\/usagers-transports.haut-allier.eu\/wp-content\/uploads\/2019\/05\/afficherassemblementfret.jpg 561w, https:\/\/usagers-transports.haut-allier.eu\/wp-content\/uploads\/2019\/05\/afficherassemblementfret-212x300.jpg 212w\" sizes=\"auto, (max-width: 561px) 100vw, 561px\" \/><\/p>\n","protected":false},"excerpt":{"rendered":"<p>Le Comit\u00e9 Pluraliste propose un rassemblement pour la d\u00e9fense de cette ligne B\u00e9ziers Neussargues le samedi 15 Juin<\/p>\n","protected":false},"author":1,"featured_media":2660,"comment_status":"open","ping_status":"open","sticky":false,"template":"","format":"standard","meta":{"footnotes":""},"categories":[5],"tags":[],"class_list":["post-592","post","type-post","status-publish","format-standard","has-post-thumbnail","hentry","category-ensemble"],"_links":{"self":[{"href":"https:\/\/usagers-transports.haut-allier.eu\/index.php\/wp-json\/wp\/v2\/posts\/592","targetHints":{"allow":["GET"]}}],"collection":[{"href":"https:\/\/usagers-transports.haut-allier.eu\/index.php\/wp-json\/wp\/v2\/posts"}],"about":[{"href":"https:\/\/usagers-transports.haut-allier.eu\/index.php\/wp-json\/wp\/v2\/types\/post"}],"author":[{"embeddable":true,"href":"https:\/\/usagers-transports.haut-allier.eu\/index.php\/wp-json\/wp\/v2\/users\/1"}],"replies":[{"embeddable":true,"href":"https:\/\/usagers-transports.haut-allier.eu\/index.php\/wp-json\/wp\/v2\/comments?post=592"}],"version-history":[{"count":0,"href":"https:\/\/usagers-transports.haut-allier.eu\/index.php\/wp-json\/wp\/v2\/posts\/592\/revisions"}],"wp:featuredmedia":[{"embeddable":true,"href":"https:\/\/usagers-transports.haut-allier.eu\/index.php\/wp-json\/wp\/v2\/media\/2660"}],"wp:attachment":[{"href":"https:\/\/usagers-transports.haut-allier.eu\/index.php\/wp-json\/wp\/v2\/media?parent=592"}],"wp:term":[{"taxonomy":"category","embeddable":true,"href":"https:\/\/usagers-transports.haut-allier.eu\/index.php\/wp-json\/wp\/v2\/categories?post=592"},{"taxonomy":"post_tag","embeddable":true,"href":"https:\/\/usagers-transports.haut-allier.eu\/index.php\/wp-json\/wp\/v2\/tags?post=592"}],"curies":[{"name":"wp","href":"https:\/\/api.w.org\/{rel}","templated":true}]}}