{"id":593,"date":"2019-05-31T19:44:04","date_gmt":"2019-05-31T17:44:04","guid":{"rendered":"http:\/\/5.45.101.177\/haut-allier\/usagers-transportse\/index.php\/2019\/05\/31\/les-infos-de-fin-mai-2019-en-vrac593\/"},"modified":"2019-05-31T19:44:04","modified_gmt":"2019-05-31T17:44:04","slug":"les-infos-de-fin-mai-2019-en-vrac593","status":"publish","type":"post","link":"https:\/\/usagers-transports.haut-allier.eu\/index.php\/2019\/05\/31\/les-infos-de-fin-mai-2019-en-vrac593\/","title":{"rendered":"Les infos de fin mai 2019 en vrac"},"content":{"rendered":"<p>&#8211; <strong>6 mois apr\u00e8s sa destruction, la gare de Figeac toujours pas pr\u00eate \u00e0 rena\u00eetre de ses cendres<\/strong><br \/>\n&nbsp;<br \/>\nSource : France 3 Occitanie Midi Pyr\u00e9n\u00e9es<br \/>\n&nbsp;<br \/>\nEt la r\u00e9gion Occitanie se dit pr\u00eate \u00e0 racheter la gare, la SNCF ne donnant aucun d\u00e9lai pour sa reconstruction !<br \/>\n&nbsp;<br \/>\n<iframe loading=\"lazy\" width=\"734\" height=\"413\" src=\"https:\/\/www.youtube.com\/embed\/CxV9RD7a1NA\" frameborder=\"0\" allow=\"accelerometer; autoplay; encrypted-media; gyroscope; picture-in-picture\" allowfullscreen><\/iframe><br \/>\n&nbsp;<br \/>\n&#8211; <strong>4 heures de retard : elle se bat avec la SNCF pour se faire rembourser<\/strong><br \/>\n&nbsp;<br \/>\nSource : <a href=\"https:\/\/www.ladepeche.fr\/2019\/05\/22\/4-heures-de-retard-elle-se-bat-avec-la-sncf-pour-se-faire-rembourser,8214359.php\">la D\u00e9p\u00eache du Midi<\/a><br \/>\n&nbsp;<br \/>\n&#8211; <strong>Quel avenir pour les trains de nuit?<\/strong><br \/>\n&nbsp;<br \/>\nSource : <a href=\"https:\/\/www.bfmtv.com\/economie\/quel-avenir-pour-les-trains-de-nuit-1697929.html\">BFMTV<\/a><br \/>\n&nbsp;<br \/>\nP\u00e9py n&rsquo;en veut pas, la ministre Borne demande leur relance.<br \/>\n&nbsp;<br \/>\n&#8211; <strong>Villefort : le collectif de d\u00e9fense de la gare s\u2019entoure pour mieux lutter<\/strong><br \/>\n&nbsp;<br \/>\nSource : <a href=\"https:\/\/www.midilibre.fr\/2019\/05\/26\/le-collectif-de-defense-de-la-gare-sentoure-pour-mieux-lutter,8221600.php\">Midi Libre<\/a><br \/>\n&nbsp;<br \/>\n&#8211; <strong>Mobilit\u00e9 hydrog\u00e8ne : la r\u00e9gion Occitanie met 150 millions d&rsquo;euros sur la table <\/strong><br \/>\n&nbsp;<br \/>\nSource : <a href=\"https:\/\/www.banquedesterritoires.fr\/mobilite-hydrogene-la-region-occitanie-met-150-millions-deuros-sur-la-table?pk_campaign=newsletter_quotidienne&#038;pk_kwd=2019-05-22&#038;pk_source=Actualit%C3%A9s_Localtis&#038;pk_medium=newsletter_quotidienne\">La banque des territoires<\/a><br \/>\n&nbsp;<br \/>\n[R\u00e9alis\u00e9 avec l&rsquo;aide bienveillante de Denis Fesquet que nous remercions]<\/p>\n","protected":false},"excerpt":{"rendered":"<p>&#8211; 6 mois apr\u00e8s sa destruction, la gare de Figeac toujours pas pr\u00eate \u00e0 rena\u00eetre de ses cendres<\/p>\n","protected":false},"author":1,"featured_media":2662,"comment_status":"open","ping_status":"open","sticky":false,"template":"","format":"standard","meta":{"footnotes":""},"categories":[2],"tags":[],"class_list":["post-593","post","type-post","status-publish","format-standard","has-post-thumbnail","hentry","category-infos"],"_links":{"self":[{"href":"https:\/\/usagers-transports.haut-allier.eu\/index.php\/wp-json\/wp\/v2\/posts\/593","targetHints":{"allow":["GET"]}}],"collection":[{"href":"https:\/\/usagers-transports.haut-allier.eu\/index.php\/wp-json\/wp\/v2\/posts"}],"about":[{"href":"https:\/\/usagers-transports.haut-allier.eu\/index.php\/wp-json\/wp\/v2\/types\/post"}],"author":[{"embeddable":true,"href":"https:\/\/usagers-transports.haut-allier.eu\/index.php\/wp-json\/wp\/v2\/users\/1"}],"replies":[{"embeddable":true,"href":"https:\/\/usagers-transports.haut-allier.eu\/index.php\/wp-json\/wp\/v2\/comments?post=593"}],"version-history":[{"count":0,"href":"https:\/\/usagers-transports.haut-allier.eu\/index.php\/wp-json\/wp\/v2\/posts\/593\/revisions"}],"wp:featuredmedia":[{"embeddable":true,"href":"https:\/\/usagers-transports.haut-allier.eu\/index.php\/wp-json\/wp\/v2\/media\/2662"}],"wp:attachment":[{"href":"https:\/\/usagers-transports.haut-allier.eu\/index.php\/wp-json\/wp\/v2\/media?parent=593"}],"wp:term":[{"taxonomy":"category","embeddable":true,"href":"https:\/\/usagers-transports.haut-allier.eu\/index.php\/wp-json\/wp\/v2\/categories?post=593"},{"taxonomy":"post_tag","embeddable":true,"href":"https:\/\/usagers-transports.haut-allier.eu\/index.php\/wp-json\/wp\/v2\/tags?post=593"}],"curies":[{"name":"wp","href":"https:\/\/api.w.org\/{rel}","templated":true}]}}