{"id":594,"date":"2019-06-03T21:20:16","date_gmt":"2019-06-03T19:20:16","guid":{"rendered":"http:\/\/5.45.101.177\/haut-allier\/usagers-transportse\/index.php\/2019\/06\/03\/ligne-sncf-clermont-ferrand-nimes594\/"},"modified":"2019-06-03T21:20:16","modified_gmt":"2019-06-03T19:20:16","slug":"ligne-sncf-clermont-ferrand-nimes594","status":"publish","type":"post","link":"https:\/\/usagers-transports.haut-allier.eu\/index.php\/2019\/06\/03\/ligne-sncf-clermont-ferrand-nimes594\/","title":{"rendered":"Ligne SNCF Clermont Ferrand N\u00eemes : l\u2019avenir de l\u2019axe du train C\u00e9venol inqui\u00e8te le d\u00e9put\u00e9 Jean-Pierre Vigier"},"content":{"rendered":"<p>Le d\u00e9put\u00e9 de l&rsquo;ouest de la Haute-Loire et donc du haut Alier a \u00e9crit \u00e0 la ministre des transports Elisabeth Borne le 14 mai dernier :<br \/>\n&nbsp;<br \/>\n<img loading=\"lazy\" decoding=\"async\" class=\" aligncenter size-full wp-image-2664\" src=\"http:\/\/5.45.101.177\/haut-allier\/usagers-transportse\/wp-content\/uploads\/2019\/06\/s45c-9_mair19060313390-1.png\" alt=\"s45c-9_mair19060313390-1.png\" align=\"center\" width=\"561\" height=\"794\" srcset=\"https:\/\/usagers-transports.haut-allier.eu\/wp-content\/uploads\/2019\/06\/s45c-9_mair19060313390-1.png 561w, https:\/\/usagers-transports.haut-allier.eu\/wp-content\/uploads\/2019\/06\/s45c-9_mair19060313390-1-212x300.png 212w\" sizes=\"auto, (max-width: 561px) 100vw, 561px\" \/><br \/>\n&nbsp;<br \/>\n<img loading=\"lazy\" decoding=\"async\" class=\" aligncenter size-full wp-image-2665\" src=\"http:\/\/5.45.101.177\/haut-allier\/usagers-transportse\/wp-content\/uploads\/2019\/06\/s45c-9_mair19060313390-2.png\" alt=\"s45c-9_mair19060313390-2.png\" align=\"center\" width=\"561\" height=\"794\" srcset=\"https:\/\/usagers-transports.haut-allier.eu\/wp-content\/uploads\/2019\/06\/s45c-9_mair19060313390-2.png 561w, https:\/\/usagers-transports.haut-allier.eu\/wp-content\/uploads\/2019\/06\/s45c-9_mair19060313390-2-212x300.png 212w\" sizes=\"auto, (max-width: 561px) 100vw, 561px\" \/><br \/>\n&nbsp;<br \/>\nNotre d\u00e9put\u00e9 est impliqu\u00e9 dans la d\u00e9fense de la ligne et nous devons aussi signaler son efficacit\u00e9 dans le r\u00f4le de facilitateur entre l&rsquo;association des 150 ans de la ligne du train C\u00e9venol et la r\u00e9gion AURA qui a tendance \u00e0 faire la sourde oreille.<\/p>\n","protected":false},"excerpt":{"rendered":"<p>Le d\u00e9put\u00e9 de l&rsquo;ouest de la Haute-Loire et donc du haut Alier a \u00e9crit \u00e0 la ministre des<\/p>\n","protected":false},"author":1,"featured_media":2663,"comment_status":"open","ping_status":"open","sticky":false,"template":"","format":"standard","meta":{"footnotes":""},"categories":[3],"tags":[],"class_list":["post-594","post","type-post","status-publish","format-standard","has-post-thumbnail","hentry","category-en-train"],"_links":{"self":[{"href":"https:\/\/usagers-transports.haut-allier.eu\/index.php\/wp-json\/wp\/v2\/posts\/594","targetHints":{"allow":["GET"]}}],"collection":[{"href":"https:\/\/usagers-transports.haut-allier.eu\/index.php\/wp-json\/wp\/v2\/posts"}],"about":[{"href":"https:\/\/usagers-transports.haut-allier.eu\/index.php\/wp-json\/wp\/v2\/types\/post"}],"author":[{"embeddable":true,"href":"https:\/\/usagers-transports.haut-allier.eu\/index.php\/wp-json\/wp\/v2\/users\/1"}],"replies":[{"embeddable":true,"href":"https:\/\/usagers-transports.haut-allier.eu\/index.php\/wp-json\/wp\/v2\/comments?post=594"}],"version-history":[{"count":0,"href":"https:\/\/usagers-transports.haut-allier.eu\/index.php\/wp-json\/wp\/v2\/posts\/594\/revisions"}],"wp:featuredmedia":[{"embeddable":true,"href":"https:\/\/usagers-transports.haut-allier.eu\/index.php\/wp-json\/wp\/v2\/media\/2663"}],"wp:attachment":[{"href":"https:\/\/usagers-transports.haut-allier.eu\/index.php\/wp-json\/wp\/v2\/media?parent=594"}],"wp:term":[{"taxonomy":"category","embeddable":true,"href":"https:\/\/usagers-transports.haut-allier.eu\/index.php\/wp-json\/wp\/v2\/categories?post=594"},{"taxonomy":"post_tag","embeddable":true,"href":"https:\/\/usagers-transports.haut-allier.eu\/index.php\/wp-json\/wp\/v2\/tags?post=594"}],"curies":[{"name":"wp","href":"https:\/\/api.w.org\/{rel}","templated":true}]}}